{"id":8646,"date":"2015-04-22T11:15:47","date_gmt":"2015-04-22T10:15:47","guid":{"rendered":"http:\/\/worldmsday2017.staging.wpengine.com\/?post_type=post&#038;p=8646"},"modified":"2020-04-21T15:34:38","modified_gmt":"2020-04-21T14:34:38","slug":"la-historia-de-eliana-el-acceso-al-trabajo","status":"publish","type":"post","link":"https:\/\/worldmsday.org\/es\/la-historia-de-eliana-el-acceso-al-trabajo\/","title":{"rendered":"La historia de Eliana \u2013 El acceso al trabajo"},"content":{"rendered":"<div class=\"wysiwyg__content--skinny\">Eliana vive en el L\u00edbano y trabaja en la f\u00e1brica de papel Mimosa, en Zahle, para ayudar a su familia.<\/p>\n<p>\u201cDurante dos a\u00f1os trabaj\u00e9 produciendo y moviendo rollos y cajas de papel. Aunque era un trabajo agotador, me sent\u00eda feliz por la ayuda que era capaz de ofrecer a mi familia gracias a este puesto. Sin embargo, esta felicidad no dur\u00f3 demasiado. Hace cerca de dos a\u00f1os, comenc\u00e9 a sufrir episodios de desvanecimiento y p\u00e9rdida de equilibrio, incluso mientras trabajaba. Por un lado, me preocupaba por mi salud, pero por otro, \u00a1tem\u00eda perder mi trabajo!\u201d<\/p>\n<p>\u201cLos turnos de trabajo se hicieron m\u00e1s duros, y crecieron tambi\u00e9n mis miedos, pero los encargados de la f\u00e1brica fueron muy comprensivos, lo que alivi\u00f3 mi sufrimiento. Me acompa\u00f1aron al hospital varias veces, y poco tiempo despu\u00e9s se me inform\u00f3 de que padec\u00eda esclerosis m\u00faltiple. La noticia cay\u00f3 como un jarro de agua fr\u00eda en mi familia y en m\u00ed misma. \u00bfQu\u00e9 pasar\u00eda ahora? \u00bfQu\u00e9 consecuencias tendr\u00eda en mi vida esta enfermedad? \u00bfSer\u00eda capaz de continuar? \u00bfPodr\u00eda superar esto mi familia?\u201d<\/p>\n<p>Llamaron a Eliana para que se reuniera con el encargado de Recursos Humanos. Al entrar en la oficina ya iba llena de preocupaci\u00f3n, pues pensaba que le iban a pedir que renunciara a su puesto.<\/p>\n<p>\u201cCuando una ma\u00f1ana de un d\u00eda lluvioso el encargado de Recursos Humanos, el Sr. Nahban, me llam\u00f3 para que me reuniera con \u00e9l, el coraz\u00f3n se me aceler\u00f3 y todas las articulaciones me temblaban. Pero, en lugar de pedirme que notificara mi renuncia, me dio las dos mejores noticias que hab\u00eda recibido nunca, y que me hicieron sentir mucho m\u00e1s segura y decidida ante el futuro\u201d.<\/p>\n<p>\u201cEn primer lugar, la empresa no hab\u00eda decidido despedirme, sino que, por el contrario, iban a cuidar de m\u00ed considerando mi estado de salud actual. Mi puesto se transfiri\u00f3 desde el departamento de fabricaci\u00f3n de papel a la secci\u00f3n de oficinas, donde el trabajo es m\u00e1s f\u00e1cil y se realiza en mejores circunstancias\u201d.<\/p>\n<p>Se traslad\u00f3 a Eliana a un puesto de trabajo de oficina, manteni\u00e9ndole el mismo salario.<\/p>\n<p>\u201cEn segundo lugar, algunos de los miembros del Consejo de Administraci\u00f3n de la f\u00e1brica Mimosa ya ten\u00edan conocimientos sobre la EM y conoc\u00edan la Sociedad de Amigos de Pacientes con Esclerosis M\u00faltiple del L\u00edbano (ALSEP). Compart\u00edan sus objetivos y se involucraban en sus actividades. Me dieron un folleto sobre ALSEP y me aconsejaron que me pusiera en contacto con ellos\u201d.<\/p>\n<p>ALSEP logr\u00f3 convencer al gobierno liban\u00e9s de que redujera las contribuciones de los pacientes a sus tratamientos de un 20% a un 5%, lo que marc\u00f3 una enorme diferencia para los pacientes con EM de todo el L\u00edbano, incluida Eliana.<\/p>\n<p>La f\u00e1brica de papel Mimosa contin\u00faa respaldando a Eliana, la ayudan a que siga con su trabajo pero haci\u00e9ndole ver que entienden la situaci\u00f3n y quieren ayudarla. Afirma: \u201cHa empezado un nuevo per\u00edodo en mi vida. No han desaparecido todos los aspectos negativos, pero ahora s\u00e9 que no tengo que afrontarlos sola\u201d.<\/p>\n<p>Mimosa ha recibido el reconocimiento de ALSEP por constituirse como un modelo sobre c\u00f3mo los empleadores pueden hacer las adaptaciones necesarias para ayudar a las personas con EM a que sigan en sus puestos de trabajo.<\/p>\n<p><figure id=\"attachment_8650\" aria-describedby=\"caption-attachment-8650\" style=\"width: 448px\" class=\"wp-caption alignnone\"><img loading=\"lazy\" decoding=\"async\" class=\"size-full wp-image-8650 lazyload\" src=\"https:\/\/worldmsday.org\/wp-content\/themes\/worldmsday\/assets\/images\/placeholder.svg\" alt=\"Two women and a man wearing T-shirts and hats saying 'I am in the fight against MS'\" width=\"448\" height=\"313\" sizes=\"auto, (max-width: 448px) 100vw, 448px\" data-src=\"https:\/\/worldmsday.org\/wp-content\/uploads\/2015\/04\/Lebanon-Eliana-raising-funds.jpg\" data-srcset=\"https:\/\/worldmsday.org\/wp-content\/uploads\/2015\/04\/Lebanon-Eliana-raising-funds.jpg 448w, https:\/\/worldmsday.org\/wp-content\/uploads\/2015\/04\/Lebanon-Eliana-raising-funds-284x198.jpg 284w, https:\/\/worldmsday.org\/wp-content\/uploads\/2015\/04\/Lebanon-Eliana-raising-funds-386x270.jpg 386w\"><noscript><img loading=\"lazy\" decoding=\"async\" class=\"size-full wp-image-8650 lazyload\" src=\"https:\/\/worldmsday.org\/wp-content\/uploads\/2015\/04\/Lebanon-Eliana-raising-funds.jpg\" alt=\"Two women and a man wearing T-shirts and hats saying 'I am in the fight against MS'\" width=\"448\" height=\"313\" sizes=\"auto, (max-width: 448px) 100vw, 448px\" srcset=\"https:\/\/worldmsday.org\/wp-content\/uploads\/2015\/04\/Lebanon-Eliana-raising-funds.jpg 448w, https:\/\/worldmsday.org\/wp-content\/uploads\/2015\/04\/Lebanon-Eliana-raising-funds-284x198.jpg 284w, https:\/\/worldmsday.org\/wp-content\/uploads\/2015\/04\/Lebanon-Eliana-raising-funds-386x270.jpg 386w\"><\/noscript><figcaption id=\"caption-attachment-8650\" class=\"wp-caption-text\">Eliana raising funds for MS<\/figcaption><\/figure><\/div>\n","protected":false},"excerpt":{"rendered":"<p>Eliana vive en el L\u00edbano y trabaja en la f\u00e1brica de papel Mimosa, en Zahle, para ayudar a su familia. \u201cDurante dos a\u00f1os trabaj\u00e9 produciendo y moviendo rollos y cajas de papel. Aunque era un trabajo agotador, me sent\u00eda feliz por la ayuda que era capaz de ofrecer a mi familia gracias a este puesto. [&hellip;]<\/p>\n","protected":false},"author":40,"featured_media":8649,"comment_status":"closed","ping_status":"closed","sticky":false,"template":"","format":"standard","meta":{"_acf_changed":false,"footnotes":""},"categories":[485],"tags":[],"class_list":["post-8646","post","type-post","status-publish","format-standard","has-post-thumbnail","hentry","category-2012-vivir-con-em"],"acf":[],"yoast_head":"<!-- This site is optimized with the Yoast SEO plugin v27.5 - https:\/\/yoast.com\/product\/yoast-seo-wordpress\/ -->\n<title>La historia de Eliana \u2013 El acceso al trabajo - D\u00eda Mundial de la EM<\/title>\n<meta name=\"robots\" content=\"index, follow, max-snippet:-1, max-image-preview:large, max-video-preview:-1\" \/>\n<link rel=\"canonical\" href=\"https:\/\/worldmsday.org\/es\/la-historia-de-eliana-el-acceso-al-trabajo\/\" \/>\n<meta property=\"og:locale\" content=\"es_ES\" \/>\n<meta property=\"og:type\" content=\"article\" \/>\n<meta property=\"og:title\" content=\"La historia de Eliana \u2013 El acceso al trabajo - D\u00eda Mundial de la EM\" \/>\n<meta property=\"og:description\" content=\"Eliana vive en el L\u00edbano y trabaja en la f\u00e1brica de papel Mimosa, en Zahle, para ayudar a su familia. \u201cDurante dos a\u00f1os trabaj\u00e9 produciendo y moviendo rollos y cajas de papel. Aunque era un trabajo agotador, me sent\u00eda feliz por la ayuda que era capaz de ofrecer a mi familia gracias a este puesto. [&hellip;]\" \/>\n<meta property=\"og:url\" content=\"https:\/\/worldmsday.org\/es\/la-historia-de-eliana-el-acceso-al-trabajo\/\" \/>\n<meta property=\"og:site_name\" content=\"D\u00eda Mundial de la EM\" \/>\n<meta property=\"article:publisher\" content=\"https:\/\/www.facebook.com\/worldmsday\" \/>\n<meta property=\"article:published_time\" content=\"2015-04-22T10:15:47+00:00\" \/>\n<meta property=\"article:modified_time\" content=\"2020-04-21T14:34:38+00:00\" \/>\n<meta property=\"og:image\" content=\"https:\/\/worldmsday.org\/wp-content\/uploads\/2015\/04\/Lebanon-Eliana-at-desk-e1429887086410.jpg\" \/>\n\t<meta property=\"og:image:width\" content=\"611\" \/>\n\t<meta property=\"og:image:height\" content=\"556\" \/>\n\t<meta property=\"og:image:type\" content=\"image\/jpeg\" \/>\n<meta name=\"author\" content=\"Sarah Dobson\" \/>\n<meta name=\"twitter:card\" content=\"summary_large_image\" \/>\n<meta name=\"twitter:creator\" content=\"@WorldMSDay\" \/>\n<meta name=\"twitter:site\" content=\"@WorldMSDay\" \/>\n<meta name=\"twitter:label1\" content=\"Escrito por\" \/>\n\t<meta name=\"twitter:data1\" content=\"Sarah Dobson\" \/>\n\t<meta name=\"twitter:label2\" content=\"Tiempo de lectura\" \/>\n\t<meta name=\"twitter:data2\" content=\"3 minutos\" \/>\n<script type=\"application\/ld+json\" class=\"yoast-schema-graph\">{\"@context\":\"https:\\\/\\\/schema.org\",\"@graph\":[{\"@type\":\"Article\",\"@id\":\"https:\\\/\\\/worldmsday.org\\\/es\\\/la-historia-de-eliana-el-acceso-al-trabajo\\\/#article\",\"isPartOf\":{\"@id\":\"https:\\\/\\\/worldmsday.org\\\/es\\\/la-historia-de-eliana-el-acceso-al-trabajo\\\/\"},\"author\":{\"name\":\"Sarah Dobson\",\"@id\":\"https:\\\/\\\/worldmsday.org\\\/#\\\/schema\\\/person\\\/073192210b11f1fb8d7e4b534f128480\"},\"headline\":\"La historia de Eliana \u2013 El acceso al trabajo\",\"datePublished\":\"2015-04-22T10:15:47+00:00\",\"dateModified\":\"2020-04-21T14:34:38+00:00\",\"mainEntityOfPage\":{\"@id\":\"https:\\\/\\\/worldmsday.org\\\/es\\\/la-historia-de-eliana-el-acceso-al-trabajo\\\/\"},\"wordCount\":597,\"image\":{\"@id\":\"https:\\\/\\\/worldmsday.org\\\/es\\\/la-historia-de-eliana-el-acceso-al-trabajo\\\/#primaryimage\"},\"thumbnailUrl\":\"https:\\\/\\\/worldmsday.org\\\/wp-content\\\/uploads\\\/2015\\\/04\\\/Lebanon-Eliana-at-desk-e1429887086410.jpg\",\"articleSection\":[\"2012 Vivir con EM\"],\"inLanguage\":\"es\"},{\"@type\":\"WebPage\",\"@id\":\"https:\\\/\\\/worldmsday.org\\\/es\\\/la-historia-de-eliana-el-acceso-al-trabajo\\\/\",\"url\":\"https:\\\/\\\/worldmsday.org\\\/es\\\/la-historia-de-eliana-el-acceso-al-trabajo\\\/\",\"name\":\"La historia de Eliana \u2013 El acceso al trabajo - D\u00eda Mundial de la EM\",\"isPartOf\":{\"@id\":\"https:\\\/\\\/worldmsday.org\\\/#website\"},\"primaryImageOfPage\":{\"@id\":\"https:\\\/\\\/worldmsday.org\\\/es\\\/la-historia-de-eliana-el-acceso-al-trabajo\\\/#primaryimage\"},\"image\":{\"@id\":\"https:\\\/\\\/worldmsday.org\\\/es\\\/la-historia-de-eliana-el-acceso-al-trabajo\\\/#primaryimage\"},\"thumbnailUrl\":\"https:\\\/\\\/worldmsday.org\\\/wp-content\\\/uploads\\\/2015\\\/04\\\/Lebanon-Eliana-at-desk-e1429887086410.jpg\",\"datePublished\":\"2015-04-22T10:15:47+00:00\",\"dateModified\":\"2020-04-21T14:34:38+00:00\",\"author\":{\"@id\":\"https:\\\/\\\/worldmsday.org\\\/#\\\/schema\\\/person\\\/073192210b11f1fb8d7e4b534f128480\"},\"breadcrumb\":{\"@id\":\"https:\\\/\\\/worldmsday.org\\\/es\\\/la-historia-de-eliana-el-acceso-al-trabajo\\\/#breadcrumb\"},\"inLanguage\":\"es\",\"potentialAction\":[{\"@type\":\"ReadAction\",\"target\":[\"https:\\\/\\\/worldmsday.org\\\/es\\\/la-historia-de-eliana-el-acceso-al-trabajo\\\/\"]}]},{\"@type\":\"ImageObject\",\"inLanguage\":\"es\",\"@id\":\"https:\\\/\\\/worldmsday.org\\\/es\\\/la-historia-de-eliana-el-acceso-al-trabajo\\\/#primaryimage\",\"url\":\"https:\\\/\\\/worldmsday.org\\\/wp-content\\\/uploads\\\/2015\\\/04\\\/Lebanon-Eliana-at-desk-e1429887086410.jpg\",\"contentUrl\":\"https:\\\/\\\/worldmsday.org\\\/wp-content\\\/uploads\\\/2015\\\/04\\\/Lebanon-Eliana-at-desk-e1429887086410.jpg\",\"width\":611,\"height\":556,\"caption\":\"Eliana at work\"},{\"@type\":\"BreadcrumbList\",\"@id\":\"https:\\\/\\\/worldmsday.org\\\/es\\\/la-historia-de-eliana-el-acceso-al-trabajo\\\/#breadcrumb\",\"itemListElement\":[{\"@type\":\"ListItem\",\"position\":1,\"name\":\"Home\",\"item\":\"https:\\\/\\\/worldmsday.org\\\/es\\\/\"},{\"@type\":\"ListItem\",\"position\":2,\"name\":\"La historia de Eliana \u2013 El acceso al trabajo\"}]},{\"@type\":\"WebSite\",\"@id\":\"https:\\\/\\\/worldmsday.org\\\/#website\",\"url\":\"https:\\\/\\\/worldmsday.org\\\/\",\"name\":\"D\u00eda Mundial de la EM\",\"description\":\"30 de mayo de 2020\",\"potentialAction\":[{\"@type\":\"SearchAction\",\"target\":{\"@type\":\"EntryPoint\",\"urlTemplate\":\"https:\\\/\\\/worldmsday.org\\\/?s={search_term_string}\"},\"query-input\":{\"@type\":\"PropertyValueSpecification\",\"valueRequired\":true,\"valueName\":\"search_term_string\"}}],\"inLanguage\":\"es\"},{\"@type\":\"Person\",\"@id\":\"https:\\\/\\\/worldmsday.org\\\/#\\\/schema\\\/person\\\/073192210b11f1fb8d7e4b534f128480\",\"name\":\"Sarah Dobson\"}]}<\/script>\n<!-- \/ Yoast SEO plugin. -->","yoast_head_json":{"title":"La historia de Eliana \u2013 El acceso al trabajo - D\u00eda Mundial de la EM","robots":{"index":"index","follow":"follow","max-snippet":"max-snippet:-1","max-image-preview":"max-image-preview:large","max-video-preview":"max-video-preview:-1"},"canonical":"https:\/\/worldmsday.org\/es\/la-historia-de-eliana-el-acceso-al-trabajo\/","og_locale":"es_ES","og_type":"article","og_title":"La historia de Eliana \u2013 El acceso al trabajo - D\u00eda Mundial de la EM","og_description":"Eliana vive en el L\u00edbano y trabaja en la f\u00e1brica de papel Mimosa, en Zahle, para ayudar a su familia. \u201cDurante dos a\u00f1os trabaj\u00e9 produciendo y moviendo rollos y cajas de papel. Aunque era un trabajo agotador, me sent\u00eda feliz por la ayuda que era capaz de ofrecer a mi familia gracias a este puesto. [&hellip;]","og_url":"https:\/\/worldmsday.org\/es\/la-historia-de-eliana-el-acceso-al-trabajo\/","og_site_name":"D\u00eda Mundial de la EM","article_publisher":"https:\/\/www.facebook.com\/worldmsday","article_published_time":"2015-04-22T10:15:47+00:00","article_modified_time":"2020-04-21T14:34:38+00:00","og_image":[{"width":611,"height":556,"url":"https:\/\/worldmsday.org\/wp-content\/uploads\/2015\/04\/Lebanon-Eliana-at-desk-e1429887086410.jpg","type":"image\/jpeg"}],"author":"Sarah Dobson","twitter_card":"summary_large_image","twitter_creator":"@WorldMSDay","twitter_site":"@WorldMSDay","twitter_misc":{"Escrito por":"Sarah Dobson","Tiempo de lectura":"3 minutos"},"schema":{"@context":"https:\/\/schema.org","@graph":[{"@type":"Article","@id":"https:\/\/worldmsday.org\/es\/la-historia-de-eliana-el-acceso-al-trabajo\/#article","isPartOf":{"@id":"https:\/\/worldmsday.org\/es\/la-historia-de-eliana-el-acceso-al-trabajo\/"},"author":{"name":"Sarah Dobson","@id":"https:\/\/worldmsday.org\/#\/schema\/person\/073192210b11f1fb8d7e4b534f128480"},"headline":"La historia de Eliana \u2013 El acceso al trabajo","datePublished":"2015-04-22T10:15:47+00:00","dateModified":"2020-04-21T14:34:38+00:00","mainEntityOfPage":{"@id":"https:\/\/worldmsday.org\/es\/la-historia-de-eliana-el-acceso-al-trabajo\/"},"wordCount":597,"image":{"@id":"https:\/\/worldmsday.org\/es\/la-historia-de-eliana-el-acceso-al-trabajo\/#primaryimage"},"thumbnailUrl":"https:\/\/worldmsday.org\/wp-content\/uploads\/2015\/04\/Lebanon-Eliana-at-desk-e1429887086410.jpg","articleSection":["2012 Vivir con EM"],"inLanguage":"es"},{"@type":"WebPage","@id":"https:\/\/worldmsday.org\/es\/la-historia-de-eliana-el-acceso-al-trabajo\/","url":"https:\/\/worldmsday.org\/es\/la-historia-de-eliana-el-acceso-al-trabajo\/","name":"La historia de Eliana \u2013 El acceso al trabajo - D\u00eda Mundial de la EM","isPartOf":{"@id":"https:\/\/worldmsday.org\/#website"},"primaryImageOfPage":{"@id":"https:\/\/worldmsday.org\/es\/la-historia-de-eliana-el-acceso-al-trabajo\/#primaryimage"},"image":{"@id":"https:\/\/worldmsday.org\/es\/la-historia-de-eliana-el-acceso-al-trabajo\/#primaryimage"},"thumbnailUrl":"https:\/\/worldmsday.org\/wp-content\/uploads\/2015\/04\/Lebanon-Eliana-at-desk-e1429887086410.jpg","datePublished":"2015-04-22T10:15:47+00:00","dateModified":"2020-04-21T14:34:38+00:00","author":{"@id":"https:\/\/worldmsday.org\/#\/schema\/person\/073192210b11f1fb8d7e4b534f128480"},"breadcrumb":{"@id":"https:\/\/worldmsday.org\/es\/la-historia-de-eliana-el-acceso-al-trabajo\/#breadcrumb"},"inLanguage":"es","potentialAction":[{"@type":"ReadAction","target":["https:\/\/worldmsday.org\/es\/la-historia-de-eliana-el-acceso-al-trabajo\/"]}]},{"@type":"ImageObject","inLanguage":"es","@id":"https:\/\/worldmsday.org\/es\/la-historia-de-eliana-el-acceso-al-trabajo\/#primaryimage","url":"https:\/\/worldmsday.org\/wp-content\/uploads\/2015\/04\/Lebanon-Eliana-at-desk-e1429887086410.jpg","contentUrl":"https:\/\/worldmsday.org\/wp-content\/uploads\/2015\/04\/Lebanon-Eliana-at-desk-e1429887086410.jpg","width":611,"height":556,"caption":"Eliana at work"},{"@type":"BreadcrumbList","@id":"https:\/\/worldmsday.org\/es\/la-historia-de-eliana-el-acceso-al-trabajo\/#breadcrumb","itemListElement":[{"@type":"ListItem","position":1,"name":"Home","item":"https:\/\/worldmsday.org\/es\/"},{"@type":"ListItem","position":2,"name":"La historia de Eliana \u2013 El acceso al trabajo"}]},{"@type":"WebSite","@id":"https:\/\/worldmsday.org\/#website","url":"https:\/\/worldmsday.org\/","name":"D\u00eda Mundial de la EM","description":"30 de mayo de 2020","potentialAction":[{"@type":"SearchAction","target":{"@type":"EntryPoint","urlTemplate":"https:\/\/worldmsday.org\/?s={search_term_string}"},"query-input":{"@type":"PropertyValueSpecification","valueRequired":true,"valueName":"search_term_string"}}],"inLanguage":"es"},{"@type":"Person","@id":"https:\/\/worldmsday.org\/#\/schema\/person\/073192210b11f1fb8d7e4b534f128480","name":"Sarah Dobson"}]}},"_links":{"self":[{"href":"https:\/\/worldmsday.org\/es\/wp-json\/wp\/v2\/posts\/8646","targetHints":{"allow":["GET"]}}],"collection":[{"href":"https:\/\/worldmsday.org\/es\/wp-json\/wp\/v2\/posts"}],"about":[{"href":"https:\/\/worldmsday.org\/es\/wp-json\/wp\/v2\/types\/post"}],"author":[{"embeddable":true,"href":"https:\/\/worldmsday.org\/es\/wp-json\/wp\/v2\/users\/40"}],"replies":[{"embeddable":true,"href":"https:\/\/worldmsday.org\/es\/wp-json\/wp\/v2\/comments?post=8646"}],"version-history":[{"count":0,"href":"https:\/\/worldmsday.org\/es\/wp-json\/wp\/v2\/posts\/8646\/revisions"}],"wp:featuredmedia":[{"embeddable":true,"href":"https:\/\/worldmsday.org\/es\/wp-json\/wp\/v2\/media\/8649"}],"wp:attachment":[{"href":"https:\/\/worldmsday.org\/es\/wp-json\/wp\/v2\/media?parent=8646"}],"wp:term":[{"taxonomy":"category","embeddable":true,"href":"https:\/\/worldmsday.org\/es\/wp-json\/wp\/v2\/categories?post=8646"},{"taxonomy":"post_tag","embeddable":true,"href":"https:\/\/worldmsday.org\/es\/wp-json\/wp\/v2\/tags?post=8646"}],"curies":[{"name":"wp","href":"https:\/\/api.w.org\/{rel}","templated":true}]}}