{"id":8416,"date":"2015-04-09T15:03:27","date_gmt":"2015-04-09T14:03:27","guid":{"rendered":"http:\/\/worldmsday2017.staging.wpengine.com\/?post_type=post&#038;p=8416"},"modified":"2020-04-21T15:34:38","modified_gmt":"2020-04-21T14:34:38","slug":"el-acceso-a-espacios-publicos-la-historia-de-mitch","status":"publish","type":"post","link":"https:\/\/worldmsday.org\/es\/el-acceso-a-espacios-publicos-la-historia-de-mitch\/","title":{"rendered":"El acceso a espacios p\u00fablicos \u2013 La Historia de Mitch"},"content":{"rendered":"<div class=\"wysiwyg__content--skinny\">Mitch vive en South Portland, Maine (EE.UU.) y padece EM primaria progresiva. Escribe su propio blog: <a href=\"http:\/\/www.enjoyingtheride.com\">enjoyingtheride.com<\/a><\/p>\n<p>\u201cEn South Portland, casi todos los espacios son accesibles en silla de ruedas. Disfruto de actividades de ocio y de los servicios municipales cercanos, y salgo a cenar y de compras.<\/p>\n<p>\u201cSin embargo, en mi trayecto hacia Portland, la ciudad m\u00e1s grande de Maine, se encuentra el puente basculante Casco Bay Bridge. Hasta hace poco, el acceso al puente en silla de ruedas era horrible.\u00bb<\/p>\n<p>\u201cEn el lado del puente que mira hacia Portland se ubica el Old Port District, un barrio hist\u00f3rico que se ha revitalizado con restaurantes, tiendas y galer\u00edas de arte. Se trata de una zona costera llena de actividad en cuyos muelles se descarga marisco fresco a diario. Los cruceros atracan en Old Port y sus pasajeros, procedentes de todo el mundo, pueden disfrutar del hermoso centro de Portland.\u00bb<\/p>\n<p>\u201cCuando quer\u00eda hacer el recorrido de 25 minutos hasta Portland con mi silla de ruedas, ten\u00eda que decidir si me merec\u00eda la pena soportar el paso por una calle de adoquines desiguales y gruesos que hab\u00eda en mi lado del puente. Este obst\u00e1culo era por lo general lo bastante desmoralizante como para hacer que me quedara en casa\u201d.<\/p>\n<p>Mitch decidi\u00f3 pasar a la acci\u00f3n. El 16 de mayo de 2013, le envi\u00f3 un correo electr\u00f3nico a su Concejal Municipal solicit\u00e1ndole que el puente se hiciera m\u00e1s accesible. Envi\u00f3 una copia de este correo al Gestor Municipal, al Alcalde y al Ingeniero Municipal. Mitch afirma que este tipo de peticiones pueden tramitarse lentamente por el gobierno municipal, pero sigui\u00f3 insistiendo. Envi\u00f3 su petici\u00f3n y dos recordatorios; asisti\u00f3 a una sesi\u00f3n de asesoramiento, una reuni\u00f3n y varios debates. En un momento determinado, Mitch y las autoridades municipales se mostraron en profundo desacuerdo sobre cu\u00e1l era la mejor senda para la v\u00eda, pero continuaron con las conversaciones y llegaron a un compromiso v\u00e1lido para todos. En noviembre de 2014, el recorrido se hizo al fin plenamente accesible.<\/p>\n<p>Mitch nos cont\u00f3: \u201cAhora puedo visitar el barrio de Old Port con la misma facilidad con la que disfruto de mi propio vecindario. Mi mundo se ha ampliado.\u00bb<\/p>\n<p>\u201cSolicit\u00e9 a las autoridades que el puente se hiciera m\u00e1s accesible, pero la soluci\u00f3n era a\u00f1adir una v\u00eda pavimentada que cruzara el frondoso parque contiguo. Ahora puedo pasear yo solo por el parque, con amigos o con mi perra Phoebe, incluso sin llegar a cruzar el puente. Hasta que tuve acceso a este peque\u00f1o parque nunca hab\u00eda reparado en \u00e9l.\u00bb<\/p>\n<p><iframe loading=\"lazy\" src=\"https:\/\/www.youtube.com\/embed\/3gLL3HbpAIw\" width=\"560\" height=\"315\" frameborder=\"0\" allowfullscreen=\"allowfullscreen\"><\/iframe><\/p>\n<p>\u201cEste proyecto me ha dado una inmensa satisfacci\u00f3n, pues siento que he puesto mi grano de arena para lograr que el puente Casco Bay Bridge y el parque Thomas Knight Park sean accesibles a personas con sillas de ruedas o scooters, viandantes lentos, madres con cochecitos, y cualquier otra persona para la que caminar sobre adoquines desiguales y viejos suponga una dificultad. La v\u00eda est\u00e1 habilitada en ambos sentidos. Los habitantes de Portland ya pueden visitar mi bonito vecindario sin ning\u00fan problema de acceso. Al estar en una silla de ruedas, a veces siento que solo soy el receptor de las buenas acciones de los dem\u00e1s, y nunca el que act\u00faa. No puedo describir lo gratificante que es contribuir al bien de todos y saber que mis esfuerzos marcar\u00e1n una diferencia en la vida de mis amigos y vecinos por muchos a\u00f1os.<\/p>\n<p>\u201cCuando en el futuro surjan otros problemas de acceso en la ciudad, podemos tomar esta v\u00eda como un ejemplo de trabajo comunitario\u201d.<\/p>\n<figure id=\"attachment_8444\" aria-describedby=\"caption-attachment-8444\" style=\"width: 448px\" class=\"wp-caption alignnone\"><img loading=\"lazy\" decoding=\"async\" class=\"size-full wp-image-8444 lazyload\" src=\"https:\/\/worldmsday.org\/wp-content\/themes\/worldmsday\/assets\/images\/placeholder.svg\" alt=\"The view from the Casco Bay Bridge - a large expanse of water\" width=\"448\" height=\"227\" sizes=\"auto, (max-width: 448px) 100vw, 448px\" data-src=\"https:\/\/worldmsday.org\/wp-content\/uploads\/2015\/04\/Casco-Bay-Bridge.jpg\" data-srcset=\"https:\/\/worldmsday.org\/wp-content\/uploads\/2015\/04\/Casco-Bay-Bridge.jpg 448w, https:\/\/worldmsday.org\/wp-content\/uploads\/2015\/04\/Casco-Bay-Bridge-284x144.jpg 284w\"><noscript><img loading=\"lazy\" decoding=\"async\" class=\"size-full wp-image-8444 lazyload\" src=\"https:\/\/worldmsday.org\/wp-content\/uploads\/2015\/04\/Casco-Bay-Bridge.jpg\" alt=\"The view from the Casco Bay Bridge - a large expanse of water\" width=\"448\" height=\"227\" sizes=\"auto, (max-width: 448px) 100vw, 448px\" srcset=\"https:\/\/worldmsday.org\/wp-content\/uploads\/2015\/04\/Casco-Bay-Bridge.jpg 448w, https:\/\/worldmsday.org\/wp-content\/uploads\/2015\/04\/Casco-Bay-Bridge-284x144.jpg 284w\"><\/noscript><figcaption id=\"caption-attachment-8444\" class=\"wp-caption-text\">Casco Bay Bridge<\/figcaption><\/figure>\n<p>Los consejos de Mitch para luchar contra los problemas de acceso donde usted viva:<\/p>\n<p>1. \u00a1Expr\u00e9sese!<\/p>\n<p>No beneficia a nadie guardarse las quejas para uno mismo o cont\u00e1rselas solo a los amigos. Averig\u00fce qui\u00e9n se encarga de estos asuntos en su comunidad (un concejal o gestor municipal) y hable con \u00e9l o escr\u00edbale. Sea amable, encuentre primero algo por lo que felicitarlo y entonces presente su caso para la mejora del acceso. H\u00e1gale entender que es una necesidad de la comunidad, y no \u00fanicamente la suya propia. Sea tan concreto como sea posible. Ofr\u00e9zcase para reunirse con las autoridades municipales, proponiendo el \u00e1rea para la que se solicita el proyecto de accesibilidad como el lugar de reuni\u00f3n perfecto.<\/p>\n<p>2. \u00a1Haga un seguimiento!<\/p>\n<p>Si las autoridades municipales se comprometen a analizar su solicitud, comun\u00edquese con ellos regularmente en cuanto a su progreso. Sea educado, pero mantenga un tono firme. Si no consiguiera ning\u00fan resultado, hable con otras autoridades municipales, coordinadores comunitarios o abogados de asociaciones de discapacitados. No abandone si una o dos personas no quieren cooperar con usted.<\/p>\n<p>3. \u00a1F\u00edjese en los detalles!<\/p>\n<p>Aseg\u00farese de que la soluci\u00f3n propuesta es v\u00e1lida para usted. No asuma que porque alguien le diga que puede arreglar un problema, la soluci\u00f3n que vaya a sugerir es buena realmente. Si es posible, est\u00e9 presente durante su construcci\u00f3n. La persistencia tambi\u00e9n es la clave aqu\u00ed.<\/p>\n<p>4. \u00a1Celebre su victoria!<\/p>\n<p>Escriba cartas de agradecimiento a todas las personas involucradas. Intente conseguir que un peri\u00f3dico local publique una historia. Esto animar\u00e1 al gobierno municipal y a los propietarios a colaborar con solicitudes de este tipo en el futuro, y alentar\u00e1 a otros discapacitados a que se manifiesten.<\/p><\/div>\n","protected":false},"excerpt":{"rendered":"<p>Mitch vive en South Portland, Maine (EE.UU.) y padece EM primaria progresiva. Escribe su propio blog: enjoyingtheride.com \u201cEn South Portland, casi todos los espacios son accesibles en silla de ruedas. Disfruto de actividades de ocio y de los servicios municipales cercanos, y salgo a cenar y de compras. \u201cSin embargo, en mi trayecto hacia Portland, [&hellip;]<\/p>\n","protected":false},"author":40,"featured_media":8394,"comment_status":"closed","ping_status":"closed","sticky":false,"template":"","format":"standard","meta":{"_acf_changed":false,"footnotes":""},"categories":[485],"tags":[],"class_list":["post-8416","post","type-post","status-publish","format-standard","has-post-thumbnail","hentry","category-2012-vivir-con-em"],"acf":[],"yoast_head":"<!-- This site is optimized with the Yoast SEO plugin v27.5 - https:\/\/yoast.com\/product\/yoast-seo-wordpress\/ -->\n<title>El acceso a espacios p\u00fablicos \u2013 La Historia de Mitch - D\u00eda Mundial de la EM<\/title>\n<meta name=\"description\" content=\"El acceso a espacios p\u00fablicos \u2013 La Historia de Mitch\" \/>\n<meta name=\"robots\" content=\"index, follow, max-snippet:-1, max-image-preview:large, max-video-preview:-1\" \/>\n<link rel=\"canonical\" href=\"https:\/\/worldmsday.org\/es\/el-acceso-a-espacios-publicos-la-historia-de-mitch\/\" \/>\n<meta property=\"og:locale\" content=\"es_ES\" \/>\n<meta property=\"og:type\" content=\"article\" \/>\n<meta property=\"og:title\" content=\"El acceso a espacios p\u00fablicos \u2013 La Historia de Mitch - D\u00eda Mundial de la EM\" \/>\n<meta property=\"og:description\" content=\"El acceso a espacios p\u00fablicos \u2013 La Historia de Mitch\" \/>\n<meta property=\"og:url\" content=\"https:\/\/worldmsday.org\/es\/el-acceso-a-espacios-publicos-la-historia-de-mitch\/\" \/>\n<meta property=\"og:site_name\" content=\"D\u00eda Mundial de la EM\" \/>\n<meta property=\"article:publisher\" content=\"https:\/\/www.facebook.com\/worldmsday\" \/>\n<meta property=\"article:published_time\" content=\"2015-04-09T14:03:27+00:00\" \/>\n<meta property=\"article:modified_time\" content=\"2020-04-21T14:34:38+00:00\" \/>\n<meta property=\"og:image\" content=\"https:\/\/worldmsday.org\/wp-content\/uploads\/2015\/04\/Mitch-from-Maine.jpg\" \/>\n\t<meta property=\"og:image:width\" content=\"336\" \/>\n\t<meta property=\"og:image:height\" content=\"448\" \/>\n\t<meta property=\"og:image:type\" content=\"image\/jpeg\" \/>\n<meta name=\"author\" content=\"Sarah Dobson\" \/>\n<meta name=\"twitter:card\" content=\"summary_large_image\" \/>\n<meta name=\"twitter:creator\" content=\"@WorldMSDay\" \/>\n<meta name=\"twitter:site\" content=\"@WorldMSDay\" \/>\n<meta name=\"twitter:label1\" content=\"Escrito por\" \/>\n\t<meta name=\"twitter:data1\" content=\"Sarah Dobson\" \/>\n\t<meta name=\"twitter:label2\" content=\"Tiempo de lectura\" \/>\n\t<meta name=\"twitter:data2\" content=\"5 minutos\" \/>\n<script type=\"application\/ld+json\" class=\"yoast-schema-graph\">{\"@context\":\"https:\\\/\\\/schema.org\",\"@graph\":[{\"@type\":\"Article\",\"@id\":\"https:\\\/\\\/worldmsday.org\\\/es\\\/el-acceso-a-espacios-publicos-la-historia-de-mitch\\\/#article\",\"isPartOf\":{\"@id\":\"https:\\\/\\\/worldmsday.org\\\/es\\\/el-acceso-a-espacios-publicos-la-historia-de-mitch\\\/\"},\"author\":{\"name\":\"Sarah Dobson\",\"@id\":\"https:\\\/\\\/worldmsday.org\\\/#\\\/schema\\\/person\\\/073192210b11f1fb8d7e4b534f128480\"},\"headline\":\"El acceso a espacios p\u00fablicos \u2013 La Historia de Mitch\",\"datePublished\":\"2015-04-09T14:03:27+00:00\",\"dateModified\":\"2020-04-21T14:34:38+00:00\",\"mainEntityOfPage\":{\"@id\":\"https:\\\/\\\/worldmsday.org\\\/es\\\/el-acceso-a-espacios-publicos-la-historia-de-mitch\\\/\"},\"wordCount\":929,\"image\":{\"@id\":\"https:\\\/\\\/worldmsday.org\\\/es\\\/el-acceso-a-espacios-publicos-la-historia-de-mitch\\\/#primaryimage\"},\"thumbnailUrl\":\"https:\\\/\\\/worldmsday.org\\\/wp-content\\\/uploads\\\/2015\\\/04\\\/Mitch-from-Maine.jpg\",\"articleSection\":[\"2012 Vivir con EM\"],\"inLanguage\":\"es\"},{\"@type\":\"WebPage\",\"@id\":\"https:\\\/\\\/worldmsday.org\\\/es\\\/el-acceso-a-espacios-publicos-la-historia-de-mitch\\\/\",\"url\":\"https:\\\/\\\/worldmsday.org\\\/es\\\/el-acceso-a-espacios-publicos-la-historia-de-mitch\\\/\",\"name\":\"El acceso a espacios p\u00fablicos \u2013 La Historia de Mitch - D\u00eda Mundial de la EM\",\"isPartOf\":{\"@id\":\"https:\\\/\\\/worldmsday.org\\\/#website\"},\"primaryImageOfPage\":{\"@id\":\"https:\\\/\\\/worldmsday.org\\\/es\\\/el-acceso-a-espacios-publicos-la-historia-de-mitch\\\/#primaryimage\"},\"image\":{\"@id\":\"https:\\\/\\\/worldmsday.org\\\/es\\\/el-acceso-a-espacios-publicos-la-historia-de-mitch\\\/#primaryimage\"},\"thumbnailUrl\":\"https:\\\/\\\/worldmsday.org\\\/wp-content\\\/uploads\\\/2015\\\/04\\\/Mitch-from-Maine.jpg\",\"datePublished\":\"2015-04-09T14:03:27+00:00\",\"dateModified\":\"2020-04-21T14:34:38+00:00\",\"author\":{\"@id\":\"https:\\\/\\\/worldmsday.org\\\/#\\\/schema\\\/person\\\/073192210b11f1fb8d7e4b534f128480\"},\"description\":\"El acceso a espacios p\u00fablicos \u2013 La Historia de Mitch\",\"breadcrumb\":{\"@id\":\"https:\\\/\\\/worldmsday.org\\\/es\\\/el-acceso-a-espacios-publicos-la-historia-de-mitch\\\/#breadcrumb\"},\"inLanguage\":\"es\",\"potentialAction\":[{\"@type\":\"ReadAction\",\"target\":[\"https:\\\/\\\/worldmsday.org\\\/es\\\/el-acceso-a-espacios-publicos-la-historia-de-mitch\\\/\"]}]},{\"@type\":\"ImageObject\",\"inLanguage\":\"es\",\"@id\":\"https:\\\/\\\/worldmsday.org\\\/es\\\/el-acceso-a-espacios-publicos-la-historia-de-mitch\\\/#primaryimage\",\"url\":\"https:\\\/\\\/worldmsday.org\\\/wp-content\\\/uploads\\\/2015\\\/04\\\/Mitch-from-Maine.jpg\",\"contentUrl\":\"https:\\\/\\\/worldmsday.org\\\/wp-content\\\/uploads\\\/2015\\\/04\\\/Mitch-from-Maine.jpg\",\"width\":336,\"height\":448,\"caption\":\"Mitch lives in South Portland, Maine, and has primary progressive MS\"},{\"@type\":\"BreadcrumbList\",\"@id\":\"https:\\\/\\\/worldmsday.org\\\/es\\\/el-acceso-a-espacios-publicos-la-historia-de-mitch\\\/#breadcrumb\",\"itemListElement\":[{\"@type\":\"ListItem\",\"position\":1,\"name\":\"Home\",\"item\":\"https:\\\/\\\/worldmsday.org\\\/es\\\/\"},{\"@type\":\"ListItem\",\"position\":2,\"name\":\"El acceso a espacios p\u00fablicos \u2013 La Historia de Mitch\"}]},{\"@type\":\"WebSite\",\"@id\":\"https:\\\/\\\/worldmsday.org\\\/#website\",\"url\":\"https:\\\/\\\/worldmsday.org\\\/\",\"name\":\"D\u00eda Mundial de la EM\",\"description\":\"30 de mayo de 2020\",\"potentialAction\":[{\"@type\":\"SearchAction\",\"target\":{\"@type\":\"EntryPoint\",\"urlTemplate\":\"https:\\\/\\\/worldmsday.org\\\/?s={search_term_string}\"},\"query-input\":{\"@type\":\"PropertyValueSpecification\",\"valueRequired\":true,\"valueName\":\"search_term_string\"}}],\"inLanguage\":\"es\"},{\"@type\":\"Person\",\"@id\":\"https:\\\/\\\/worldmsday.org\\\/#\\\/schema\\\/person\\\/073192210b11f1fb8d7e4b534f128480\",\"name\":\"Sarah Dobson\"}]}<\/script>\n<!-- \/ Yoast SEO plugin. -->","yoast_head_json":{"title":"El acceso a espacios p\u00fablicos \u2013 La Historia de Mitch - D\u00eda Mundial de la EM","description":"El acceso a espacios p\u00fablicos \u2013 La Historia de Mitch","robots":{"index":"index","follow":"follow","max-snippet":"max-snippet:-1","max-image-preview":"max-image-preview:large","max-video-preview":"max-video-preview:-1"},"canonical":"https:\/\/worldmsday.org\/es\/el-acceso-a-espacios-publicos-la-historia-de-mitch\/","og_locale":"es_ES","og_type":"article","og_title":"El acceso a espacios p\u00fablicos \u2013 La Historia de Mitch - D\u00eda Mundial de la EM","og_description":"El acceso a espacios p\u00fablicos \u2013 La Historia de Mitch","og_url":"https:\/\/worldmsday.org\/es\/el-acceso-a-espacios-publicos-la-historia-de-mitch\/","og_site_name":"D\u00eda Mundial de la EM","article_publisher":"https:\/\/www.facebook.com\/worldmsday","article_published_time":"2015-04-09T14:03:27+00:00","article_modified_time":"2020-04-21T14:34:38+00:00","og_image":[{"width":336,"height":448,"url":"https:\/\/worldmsday.org\/wp-content\/uploads\/2015\/04\/Mitch-from-Maine.jpg","type":"image\/jpeg"}],"author":"Sarah Dobson","twitter_card":"summary_large_image","twitter_creator":"@WorldMSDay","twitter_site":"@WorldMSDay","twitter_misc":{"Escrito por":"Sarah Dobson","Tiempo de lectura":"5 minutos"},"schema":{"@context":"https:\/\/schema.org","@graph":[{"@type":"Article","@id":"https:\/\/worldmsday.org\/es\/el-acceso-a-espacios-publicos-la-historia-de-mitch\/#article","isPartOf":{"@id":"https:\/\/worldmsday.org\/es\/el-acceso-a-espacios-publicos-la-historia-de-mitch\/"},"author":{"name":"Sarah Dobson","@id":"https:\/\/worldmsday.org\/#\/schema\/person\/073192210b11f1fb8d7e4b534f128480"},"headline":"El acceso a espacios p\u00fablicos \u2013 La Historia de Mitch","datePublished":"2015-04-09T14:03:27+00:00","dateModified":"2020-04-21T14:34:38+00:00","mainEntityOfPage":{"@id":"https:\/\/worldmsday.org\/es\/el-acceso-a-espacios-publicos-la-historia-de-mitch\/"},"wordCount":929,"image":{"@id":"https:\/\/worldmsday.org\/es\/el-acceso-a-espacios-publicos-la-historia-de-mitch\/#primaryimage"},"thumbnailUrl":"https:\/\/worldmsday.org\/wp-content\/uploads\/2015\/04\/Mitch-from-Maine.jpg","articleSection":["2012 Vivir con EM"],"inLanguage":"es"},{"@type":"WebPage","@id":"https:\/\/worldmsday.org\/es\/el-acceso-a-espacios-publicos-la-historia-de-mitch\/","url":"https:\/\/worldmsday.org\/es\/el-acceso-a-espacios-publicos-la-historia-de-mitch\/","name":"El acceso a espacios p\u00fablicos \u2013 La Historia de Mitch - D\u00eda Mundial de la EM","isPartOf":{"@id":"https:\/\/worldmsday.org\/#website"},"primaryImageOfPage":{"@id":"https:\/\/worldmsday.org\/es\/el-acceso-a-espacios-publicos-la-historia-de-mitch\/#primaryimage"},"image":{"@id":"https:\/\/worldmsday.org\/es\/el-acceso-a-espacios-publicos-la-historia-de-mitch\/#primaryimage"},"thumbnailUrl":"https:\/\/worldmsday.org\/wp-content\/uploads\/2015\/04\/Mitch-from-Maine.jpg","datePublished":"2015-04-09T14:03:27+00:00","dateModified":"2020-04-21T14:34:38+00:00","author":{"@id":"https:\/\/worldmsday.org\/#\/schema\/person\/073192210b11f1fb8d7e4b534f128480"},"description":"El acceso a espacios p\u00fablicos \u2013 La Historia de Mitch","breadcrumb":{"@id":"https:\/\/worldmsday.org\/es\/el-acceso-a-espacios-publicos-la-historia-de-mitch\/#breadcrumb"},"inLanguage":"es","potentialAction":[{"@type":"ReadAction","target":["https:\/\/worldmsday.org\/es\/el-acceso-a-espacios-publicos-la-historia-de-mitch\/"]}]},{"@type":"ImageObject","inLanguage":"es","@id":"https:\/\/worldmsday.org\/es\/el-acceso-a-espacios-publicos-la-historia-de-mitch\/#primaryimage","url":"https:\/\/worldmsday.org\/wp-content\/uploads\/2015\/04\/Mitch-from-Maine.jpg","contentUrl":"https:\/\/worldmsday.org\/wp-content\/uploads\/2015\/04\/Mitch-from-Maine.jpg","width":336,"height":448,"caption":"Mitch lives in South Portland, Maine, and has primary progressive MS"},{"@type":"BreadcrumbList","@id":"https:\/\/worldmsday.org\/es\/el-acceso-a-espacios-publicos-la-historia-de-mitch\/#breadcrumb","itemListElement":[{"@type":"ListItem","position":1,"name":"Home","item":"https:\/\/worldmsday.org\/es\/"},{"@type":"ListItem","position":2,"name":"El acceso a espacios p\u00fablicos \u2013 La Historia de Mitch"}]},{"@type":"WebSite","@id":"https:\/\/worldmsday.org\/#website","url":"https:\/\/worldmsday.org\/","name":"D\u00eda Mundial de la EM","description":"30 de mayo de 2020","potentialAction":[{"@type":"SearchAction","target":{"@type":"EntryPoint","urlTemplate":"https:\/\/worldmsday.org\/?s={search_term_string}"},"query-input":{"@type":"PropertyValueSpecification","valueRequired":true,"valueName":"search_term_string"}}],"inLanguage":"es"},{"@type":"Person","@id":"https:\/\/worldmsday.org\/#\/schema\/person\/073192210b11f1fb8d7e4b534f128480","name":"Sarah Dobson"}]}},"_links":{"self":[{"href":"https:\/\/worldmsday.org\/es\/wp-json\/wp\/v2\/posts\/8416","targetHints":{"allow":["GET"]}}],"collection":[{"href":"https:\/\/worldmsday.org\/es\/wp-json\/wp\/v2\/posts"}],"about":[{"href":"https:\/\/worldmsday.org\/es\/wp-json\/wp\/v2\/types\/post"}],"author":[{"embeddable":true,"href":"https:\/\/worldmsday.org\/es\/wp-json\/wp\/v2\/users\/40"}],"replies":[{"embeddable":true,"href":"https:\/\/worldmsday.org\/es\/wp-json\/wp\/v2\/comments?post=8416"}],"version-history":[{"count":0,"href":"https:\/\/worldmsday.org\/es\/wp-json\/wp\/v2\/posts\/8416\/revisions"}],"wp:featuredmedia":[{"embeddable":true,"href":"https:\/\/worldmsday.org\/es\/wp-json\/wp\/v2\/media\/8394"}],"wp:attachment":[{"href":"https:\/\/worldmsday.org\/es\/wp-json\/wp\/v2\/media?parent=8416"}],"wp:term":[{"taxonomy":"category","embeddable":true,"href":"https:\/\/worldmsday.org\/es\/wp-json\/wp\/v2\/categories?post=8416"},{"taxonomy":"post_tag","embeddable":true,"href":"https:\/\/worldmsday.org\/es\/wp-json\/wp\/v2\/tags?post=8416"}],"curies":[{"name":"wp","href":"https:\/\/api.w.org\/{rel}","templated":true}]}}