{"id":38203,"date":"2025-07-16T15:10:37","date_gmt":"2025-07-16T14:10:37","guid":{"rendered":"https:\/\/worldmsday.org\/2025-campaign-highlights\/"},"modified":"2026-04-08T16:29:06","modified_gmt":"2026-04-08T15:29:06","slug":"2025-campaign-highlights","status":"publish","type":"post","link":"https:\/\/worldmsday.org\/es\/2025-campaign-highlights\/","title":{"rendered":"2025 Campaign Highlights"},"content":{"rendered":"<div class=\"wp-block-image\">\n<figure class=\"aligncenter size-large\"><img loading=\"lazy\" decoding=\"async\" width=\"816\" height=\"600\" src=\"https:\/\/worldmsday.org\/wp-content\/themes\/worldmsday\/assets\/images\/placeholder.svg\" alt=\"\" class=\"wp-image-38138 lazyload\" sizes=\"auto, (max-width: 816px) 100vw, 816px\" data-src=\"https:\/\/worldmsday.org\/wp-content\/uploads\/2025\/07\/Croatia-816x600.png\" data-srcset=\"https:\/\/worldmsday.org\/wp-content\/uploads\/2025\/07\/Croatia-816x600.png 816w, https:\/\/worldmsday.org\/wp-content\/uploads\/2025\/07\/Croatia-600x441.png 600w, https:\/\/worldmsday.org\/wp-content\/uploads\/2025\/07\/Croatia-768x565.png 768w, https:\/\/worldmsday.org\/wp-content\/uploads\/2025\/07\/Croatia.png 1248w\"><noscript><img loading=\"lazy\" decoding=\"async\" width=\"816\" height=\"600\" src=\"https:\/\/worldmsday.org\/wp-content\/uploads\/2025\/07\/Croatia-816x600.png\" alt=\"\" class=\"wp-image-38138 lazyload\" sizes=\"auto, (max-width: 816px) 100vw, 816px\" srcset=\"https:\/\/worldmsday.org\/wp-content\/uploads\/2025\/07\/Croatia-816x600.png 816w, https:\/\/worldmsday.org\/wp-content\/uploads\/2025\/07\/Croatia-600x441.png 600w, https:\/\/worldmsday.org\/wp-content\/uploads\/2025\/07\/Croatia-768x565.png 768w, https:\/\/worldmsday.org\/wp-content\/uploads\/2025\/07\/Croatia.png 1248w\"><\/noscript><figcaption class=\"wp-element-caption\">Image by MS Team Croatia<\/figcaption><\/figure>\n<\/div><div class=\"wysiwyg__content--skinny\">\n<p>World MS Day 2025 was inspiring! The global MS community came together with power and purpose &#8211; organising creative events, raising awareness and illuminating cities for MS. Together we advocated for early and accurate MS diagnosis by lobbying governments, sharing real experiences and knowledge. Here are just some of this year\u2019s incredible highlights.<\/p>\n<\/div><div class=\"wysiwyg__content--skinny\">\n<p><strong><a href=\"#Advocacy\">Advocacy<\/a><\/strong><\/p>\n<\/div><div class=\"wysiwyg__content--skinny\">\n<p><strong><a href=\"#Activities\"><strong><\/strong><\/a><strong><a href=\"#Activities\">Activities<\/a><\/strong><\/strong><\/p>\n<\/div><div class=\"wysiwyg__content--skinny\">\n<p><strong><a href=\"#Making-Headlines\">Making Headlines<\/a><\/strong><\/p>\n<\/div><div class=\"wysiwyg__content--skinny\">\n<p><strong><a href=\"#MS-Awareness-and-Training\">MS Awareness and Training<\/a><\/strong><\/p>\n<\/div><div class=\"wysiwyg__content--skinny\">\n<p><strong><a href=\"#MS-Research\">MS Research<\/a><\/strong><\/p>\n<\/div><div class=\"wysiwyg__content--skinny\">\n<p><strong><a href=\"#Challenges\">Challenges<\/a><\/strong><\/p>\n<\/div><div class=\"wysiwyg__content--skinny\">\n<p><strong><a href=\"#Getting-Creative\">Getting Creative<\/a><\/strong><\/p>\n<\/div><div class=\"wysiwyg__content--skinny\">\n<p><strong><a href=\"#Lighting-up-the-World\">Lighting up the World<\/a><\/strong><\/p>\n<\/div><div class=\"wysiwyg__content--skinny\">\n<p><strong><a href=\"#Sharing-MS-Diagnosis-Stories\">Sharing MS Diagnosis Stories<\/a><\/strong><\/p>\n<\/div><div class=\"wysiwyg__content--skinny\">\n<h2 class=\"wp-block-heading\" id=\"Advocacy\"><strong>Advocacy<\/strong><\/h2>\n<\/div><div class=\"wysiwyg__content--skinny\">\n<p>World MS Day is a powerful platform to engage leaders and decision makers with MS. Find out how MS organisations used the campaign to advocate for change.<\/p>\n<\/div><div class=\"wysiwyg__content--skinny\">\n<p><strong>Poland<\/strong><\/p>\n<\/div><div class=\"wysiwyg__content--skinny\">\n<p><a href=\"https:\/\/www.facebook.com\/permalink.php?story_fbid=pfbid0a3FLhTc8hxM8LGYwziQVMtHA4DxSBg8Qx56YEHr7QbBFaE6TxfKGxRdujR8wEZpXl&amp;id=100064597097764\">The Polish MS Society <\/a>brought World MS Day to the Polish Parliament, holding a meeting in dialogue with lawmakers about MS diagnosis and care. An MS poster exhibition was displayed in Parliament and iconic Warsaw buildings illuminated orange in solidarity.<\/p>\n<\/div><div class=\"wp-block-image\">\n<figure class=\"aligncenter size-large\"><img loading=\"lazy\" decoding=\"async\" width=\"800\" height=\"600\" src=\"https:\/\/worldmsday.org\/wp-content\/themes\/worldmsday\/assets\/images\/placeholder.svg\" alt=\"\" class=\"wp-image-37943 lazyload\" sizes=\"auto, (max-width: 800px) 100vw, 800px\" data-src=\"https:\/\/worldmsday.org\/wp-content\/uploads\/2025\/07\/Poland-parliament-800x600.jpg\" data-srcset=\"https:\/\/worldmsday.org\/wp-content\/uploads\/2025\/07\/Poland-parliament-800x600.jpg 800w, https:\/\/worldmsday.org\/wp-content\/uploads\/2025\/07\/Poland-parliament-600x450.jpg 600w, https:\/\/worldmsday.org\/wp-content\/uploads\/2025\/07\/Poland-parliament-768x576.jpg 768w, https:\/\/worldmsday.org\/wp-content\/uploads\/2025\/07\/Poland-parliament-1536x1152.jpg 1536w, https:\/\/worldmsday.org\/wp-content\/uploads\/2025\/07\/Poland-parliament.jpg 2048w\"><noscript><img loading=\"lazy\" decoding=\"async\" width=\"800\" height=\"600\" src=\"https:\/\/worldmsday.org\/wp-content\/uploads\/2025\/07\/Poland-parliament-800x600.jpg\" alt=\"\" class=\"wp-image-37943 lazyload\" sizes=\"auto, (max-width: 800px) 100vw, 800px\" srcset=\"https:\/\/worldmsday.org\/wp-content\/uploads\/2025\/07\/Poland-parliament-800x600.jpg 800w, https:\/\/worldmsday.org\/wp-content\/uploads\/2025\/07\/Poland-parliament-600x450.jpg 600w, https:\/\/worldmsday.org\/wp-content\/uploads\/2025\/07\/Poland-parliament-768x576.jpg 768w, https:\/\/worldmsday.org\/wp-content\/uploads\/2025\/07\/Poland-parliament-1536x1152.jpg 1536w, https:\/\/worldmsday.org\/wp-content\/uploads\/2025\/07\/Poland-parliament.jpg 2048w\"><\/noscript><figcaption class=\"wp-element-caption\">Image by the Polskie Towarzystwo Stwardnienia Rozsianego.<\/figcaption><\/figure>\n<\/div><div class=\"wysiwyg__content--skinny\">\n<p><strong>Australia<\/strong><\/p>\n<\/div><div class=\"wysiwyg__content--skinny\">\n<p>MS Australia hosted a <a href=\"https:\/\/www.facebook.com\/GovernorGeneralAustralia\/posts\/to-mark-world-ms-day-the-governor-general-welcomed-ms-australia-to-government-ho\/1268464664636589\/\">special event<\/a> at Government House, where the Governor-General welcomed guests and delivered the opening address. Attended by parliamentarians, health professionals, and members of the MS community, the gathering highlighted the importance of collaboration and support. The event also marked the launch of <em>Living Well with MS<\/em>, a new wellness guide designed to support the health and wellbeing of people living with MS. <\/p>\n<\/div><div class=\"wp-block-image\">\n<figure class=\"aligncenter size-large\"><img loading=\"lazy\" decoding=\"async\" width=\"600\" height=\"600\" src=\"https:\/\/worldmsday.org\/wp-content\/themes\/worldmsday\/assets\/images\/placeholder.svg\" alt=\"\" class=\"wp-image-37953 lazyload\" sizes=\"auto, (max-width: 600px) 100vw, 600px\" data-src=\"https:\/\/worldmsday.org\/wp-content\/uploads\/2025\/07\/Australia-3-600x600.jpg\" data-srcset=\"https:\/\/worldmsday.org\/wp-content\/uploads\/2025\/07\/Australia-3-600x600.jpg 600w, https:\/\/worldmsday.org\/wp-content\/uploads\/2025\/07\/Australia-3-240x240.jpg 240w, https:\/\/worldmsday.org\/wp-content\/uploads\/2025\/07\/Australia-3-768x767.jpg 768w, https:\/\/worldmsday.org\/wp-content\/uploads\/2025\/07\/Australia-3-150x150.jpg 150w, https:\/\/worldmsday.org\/wp-content\/uploads\/2025\/07\/Australia-3.jpg 1440w\"><noscript><img loading=\"lazy\" decoding=\"async\" width=\"600\" height=\"600\" src=\"https:\/\/worldmsday.org\/wp-content\/uploads\/2025\/07\/Australia-3-600x600.jpg\" alt=\"\" class=\"wp-image-37953 lazyload\" sizes=\"auto, (max-width: 600px) 100vw, 600px\" srcset=\"https:\/\/worldmsday.org\/wp-content\/uploads\/2025\/07\/Australia-3-600x600.jpg 600w, https:\/\/worldmsday.org\/wp-content\/uploads\/2025\/07\/Australia-3-240x240.jpg 240w, https:\/\/worldmsday.org\/wp-content\/uploads\/2025\/07\/Australia-3-768x767.jpg 768w, https:\/\/worldmsday.org\/wp-content\/uploads\/2025\/07\/Australia-3-150x150.jpg 150w, https:\/\/worldmsday.org\/wp-content\/uploads\/2025\/07\/Australia-3.jpg 1440w\"><\/noscript><figcaption class=\"wp-element-caption\">Image by MS Australia.<\/figcaption><\/figure>\n<\/div><div class=\"wysiwyg__content--skinny\">\n<p><strong>Egypt<\/strong><\/p>\n<\/div><div class=\"wysiwyg__content--skinny\">\n<p>MS Care Egypt worked with the Egyptian Ministry of Health to organise a community <a href=\"https:\/\/www.facebook.com\/MsCareEgypt\/posts\/pfbid0ZE59NZ3CXUvDB3mibEb1MMMroj4tMjCWnEnjswoFWwrwdLetkbjA5MP5rshPAgmnl?__cft__%5b0%5d=AZWj1iN2wHacgVHftWTvmlWt7fymg7cqSfM-kD-WYvbazXWW8ecDjCtcRAE2_99_x_MUZiMsMhZx0ZQ33Y4s88Nw8LC64dqe7mA5Q5exI4jlF6jDIg4uix8yL7VL85s_3VP2ZFZDueS-7-Iu3xYkbJKkXCoVqbOeq3Uzwctb-qM24soMI-puoDU8pXutB_tLWcLjoV4AYB439ol9Gqx2jJxp6tnLal4YyUcgW0jPcSVn7g&amp;__tn__=%2CO%2CP-R\">awareness event<\/a> for World MS Day.  A spokesman from the national Ministry of Health and Population shared the Ministry\u2019s support for improving MS awareness and diagnosis. Efforts to provide specialised care units to treat people with MS in more provinces and remote areas across the country were celebrated.<\/p>\n<\/div><div class=\"wp-block-image\">\n<figure class=\"aligncenter size-large\"><img loading=\"lazy\" decoding=\"async\" width=\"900\" height=\"600\" src=\"https:\/\/worldmsday.org\/wp-content\/themes\/worldmsday\/assets\/images\/placeholder.svg\" alt=\"\" class=\"wp-image-38023 lazyload\" sizes=\"auto, (max-width: 900px) 100vw, 900px\" data-src=\"https:\/\/worldmsday.org\/wp-content\/uploads\/2025\/07\/Egypt-1-900x600.jpg\" data-srcset=\"https:\/\/worldmsday.org\/wp-content\/uploads\/2025\/07\/Egypt-1-900x600.jpg 900w, https:\/\/worldmsday.org\/wp-content\/uploads\/2025\/07\/Egypt-1-600x400.jpg 600w, https:\/\/worldmsday.org\/wp-content\/uploads\/2025\/07\/Egypt-1-768x512.jpg 768w, https:\/\/worldmsday.org\/wp-content\/uploads\/2025\/07\/Egypt-1.jpg 1280w\"><noscript><img loading=\"lazy\" decoding=\"async\" width=\"900\" height=\"600\" src=\"https:\/\/worldmsday.org\/wp-content\/uploads\/2025\/07\/Egypt-1-900x600.jpg\" alt=\"\" class=\"wp-image-38023 lazyload\" sizes=\"auto, (max-width: 900px) 100vw, 900px\" srcset=\"https:\/\/worldmsday.org\/wp-content\/uploads\/2025\/07\/Egypt-1-900x600.jpg 900w, https:\/\/worldmsday.org\/wp-content\/uploads\/2025\/07\/Egypt-1-600x400.jpg 600w, https:\/\/worldmsday.org\/wp-content\/uploads\/2025\/07\/Egypt-1-768x512.jpg 768w, https:\/\/worldmsday.org\/wp-content\/uploads\/2025\/07\/Egypt-1.jpg 1280w\"><\/noscript><figcaption class=\"wp-element-caption\">Image by MS Care Egypt.<\/figcaption><\/figure>\n<\/div><div class=\"wysiwyg__content--skinny\">\n<p><strong>Puerto Rico<\/strong><\/p>\n<\/div><div class=\"wysiwyg__content--skinny\">\n<p>Puerto Rico commemorated World MS Day with a nationwide show of support from local mayors, <a href=\"https:\/\/www.instagram.com\/p\/DKVU_FASMfZ\/?img_index=1\">government agencies<\/a>, hospitals, neurologists and the general public. The Puerto Rican Police Department publicly endorsed the campaign and the\u00a0<a href=\"https:\/\/www.facebook.com\/MSandCancerINC\">Community Organisation of MS and Cancer<\/a>\u00a0(COMSC)\u00a0organised events across the island.<\/p>\n<\/div><div class=\"wp-block-image\">\n<figure class=\"aligncenter size-large\"><img loading=\"lazy\" decoding=\"async\" width=\"900\" height=\"600\" src=\"https:\/\/worldmsday.org\/wp-content\/themes\/worldmsday\/assets\/images\/placeholder.svg\" alt=\"\" class=\"wp-image-37968 lazyload\" sizes=\"auto, (max-width: 900px) 100vw, 900px\" data-src=\"https:\/\/worldmsday.org\/wp-content\/uploads\/2025\/07\/FB_IMG_1748748453116-900x600.jpg\" data-srcset=\"https:\/\/worldmsday.org\/wp-content\/uploads\/2025\/07\/FB_IMG_1748748453116-900x600.jpg 900w, https:\/\/worldmsday.org\/wp-content\/uploads\/2025\/07\/FB_IMG_1748748453116-600x400.jpg 600w, https:\/\/worldmsday.org\/wp-content\/uploads\/2025\/07\/FB_IMG_1748748453116-768x512.jpg 768w, https:\/\/worldmsday.org\/wp-content\/uploads\/2025\/07\/FB_IMG_1748748453116.jpg 1080w\"><noscript><img loading=\"lazy\" decoding=\"async\" width=\"900\" height=\"600\" src=\"https:\/\/worldmsday.org\/wp-content\/uploads\/2025\/07\/FB_IMG_1748748453116-900x600.jpg\" alt=\"\" class=\"wp-image-37968 lazyload\" sizes=\"auto, (max-width: 900px) 100vw, 900px\" srcset=\"https:\/\/worldmsday.org\/wp-content\/uploads\/2025\/07\/FB_IMG_1748748453116-900x600.jpg 900w, https:\/\/worldmsday.org\/wp-content\/uploads\/2025\/07\/FB_IMG_1748748453116-600x400.jpg 600w, https:\/\/worldmsday.org\/wp-content\/uploads\/2025\/07\/FB_IMG_1748748453116-768x512.jpg 768w, https:\/\/worldmsday.org\/wp-content\/uploads\/2025\/07\/FB_IMG_1748748453116.jpg 1080w\"><\/noscript><figcaption class=\"wp-element-caption\">Image by the Community Organisation of MS and Cancer<\/figcaption><\/figure>\n<\/div><div class=\"wysiwyg__content--skinny\">\n<p><strong>North Republic of Macedonia<\/strong><br\/>The National Association of Persons with Multiple Sclerosis ran a <a href=\"https:\/\/msmakedonija.eu.org\/novosti\/svetski_den_na_ms_2025\/\">World MS Day press conference <\/a>to announce a major fund increase for MS treatment after advocating for change. The funding increase was a reponse to local patient demands for better access to MS medicines. Increased investment means people with MS have better access to biological therapies and can now receive treatment outside of the capital city.<\/p>\n<\/div><div class=\"wp-block-image\">\n<figure class=\"aligncenter size-large\"><img loading=\"lazy\" decoding=\"async\" width=\"900\" height=\"600\" src=\"https:\/\/worldmsday.org\/wp-content\/themes\/worldmsday\/assets\/images\/placeholder.svg\" alt=\"\" class=\"wp-image-38008 lazyload\" sizes=\"auto, (max-width: 900px) 100vw, 900px\" data-src=\"https:\/\/worldmsday.org\/wp-content\/uploads\/2025\/07\/Macedonia-900x600.jpg\" data-srcset=\"https:\/\/worldmsday.org\/wp-content\/uploads\/2025\/07\/Macedonia-900x600.jpg 900w, https:\/\/worldmsday.org\/wp-content\/uploads\/2025\/07\/Macedonia-600x400.jpg 600w, https:\/\/worldmsday.org\/wp-content\/uploads\/2025\/07\/Macedonia-768x512.jpg 768w, https:\/\/worldmsday.org\/wp-content\/uploads\/2025\/07\/Macedonia-1536x1024.jpg 1536w, https:\/\/worldmsday.org\/wp-content\/uploads\/2025\/07\/Macedonia.jpg 2048w\"><noscript><img loading=\"lazy\" decoding=\"async\" width=\"900\" height=\"600\" src=\"https:\/\/worldmsday.org\/wp-content\/uploads\/2025\/07\/Macedonia-900x600.jpg\" alt=\"\" class=\"wp-image-38008 lazyload\" sizes=\"auto, (max-width: 900px) 100vw, 900px\" srcset=\"https:\/\/worldmsday.org\/wp-content\/uploads\/2025\/07\/Macedonia-900x600.jpg 900w, https:\/\/worldmsday.org\/wp-content\/uploads\/2025\/07\/Macedonia-600x400.jpg 600w, https:\/\/worldmsday.org\/wp-content\/uploads\/2025\/07\/Macedonia-768x512.jpg 768w, https:\/\/worldmsday.org\/wp-content\/uploads\/2025\/07\/Macedonia-1536x1024.jpg 1536w, https:\/\/worldmsday.org\/wp-content\/uploads\/2025\/07\/Macedonia.jpg 2048w\"><\/noscript><figcaption class=\"wp-element-caption\">Image by the National Association of Persons with Multiple Sclerosis<\/figcaption><\/figure>\n<\/div><div class=\"wysiwyg__content--skinny\">\n<p><strong>UAE<\/strong> <\/p>\n<\/div><div class=\"wysiwyg__content--skinny\">\n<p>The National MS Society announced a <a href=\"https:\/\/emiratitimes.com\/erth-zayed-philanthropies-nmss-for-ms-care-in-uae\/\">landmark $6.8M grant<\/a> with Erth Zayed Philanthropies to advance MS care across the UAE. The new partnership will support the UAE\u2019s first National Coalition for MS, aiming to to improve diagnosis, care, inclusion, and research for people living with MS.<\/p>\n<\/div>\n<figure class=\"wp-block-image size-large\"><img loading=\"lazy\" decoding=\"async\" width=\"904\" height=\"600\" src=\"https:\/\/worldmsday.org\/wp-content\/themes\/worldmsday\/assets\/images\/placeholder.svg\" alt=\"\" class=\"wp-image-38158 lazyload\" sizes=\"auto, (max-width: 904px) 100vw, 904px\" data-src=\"https:\/\/worldmsday.org\/wp-content\/uploads\/2025\/07\/UAE-Image-904x600.webp\" data-srcset=\"https:\/\/worldmsday.org\/wp-content\/uploads\/2025\/07\/UAE-Image-904x600.webp 904w, https:\/\/worldmsday.org\/wp-content\/uploads\/2025\/07\/UAE-Image-600x398.webp 600w, https:\/\/worldmsday.org\/wp-content\/uploads\/2025\/07\/UAE-Image-768x510.webp 768w, https:\/\/worldmsday.org\/wp-content\/uploads\/2025\/07\/UAE-Image-1536x1019.webp 1536w, https:\/\/worldmsday.org\/wp-content\/uploads\/2025\/07\/UAE-Image.webp 2048w\"><noscript><img loading=\"lazy\" decoding=\"async\" width=\"904\" height=\"600\" src=\"https:\/\/worldmsday.org\/wp-content\/uploads\/2025\/07\/UAE-Image-904x600.webp\" alt=\"\" class=\"wp-image-38158 lazyload\" sizes=\"auto, (max-width: 904px) 100vw, 904px\" srcset=\"https:\/\/worldmsday.org\/wp-content\/uploads\/2025\/07\/UAE-Image-904x600.webp 904w, https:\/\/worldmsday.org\/wp-content\/uploads\/2025\/07\/UAE-Image-600x398.webp 600w, https:\/\/worldmsday.org\/wp-content\/uploads\/2025\/07\/UAE-Image-768x510.webp 768w, https:\/\/worldmsday.org\/wp-content\/uploads\/2025\/07\/UAE-Image-1536x1019.webp 1536w, https:\/\/worldmsday.org\/wp-content\/uploads\/2025\/07\/UAE-Image.webp 2048w\"><\/noscript><figcaption class=\"wp-element-caption\">Image by The National MS Society UAE<\/figcaption><\/figure>\n<div class=\"wysiwyg__content--skinny\">\n<p><strong>Ireland<\/strong><\/p>\n<\/div><div class=\"wysiwyg__content--skinny\">\n<p>MS Ireland welcomed over 40 members of the <a href=\"https:\/\/www.ms-society.ie\/news\/ms-irelands-world-ms-day-briefing-leinster-house\">Parliament of Ireland<\/a> to a World MS Day Briefing and Panel Discussion in Leinster House. The event featured moving testimonies from people with living with MS alongside insights from medical and service delivery experts, highlighting the lived realities of MS and the pressing need for targeted investment in MS services ahead of the 2026 Budget.<\/p>\n<\/div><div class=\"wp-block-image\">\n<figure class=\"aligncenter size-large\"><img loading=\"lazy\" decoding=\"async\" width=\"800\" height=\"600\" src=\"https:\/\/worldmsday.org\/wp-content\/themes\/worldmsday\/assets\/images\/placeholder.svg\" alt=\"\" class=\"wp-image-38179 lazyload\" sizes=\"auto, (max-width: 800px) 100vw, 800px\" data-src=\"https:\/\/worldmsday.org\/wp-content\/uploads\/2025\/07\/MS-ireland-800x600.jpg\" data-srcset=\"https:\/\/worldmsday.org\/wp-content\/uploads\/2025\/07\/MS-ireland-800x600.jpg 800w, https:\/\/worldmsday.org\/wp-content\/uploads\/2025\/07\/MS-ireland-600x450.jpg 600w, https:\/\/worldmsday.org\/wp-content\/uploads\/2025\/07\/MS-ireland-768x576.jpg 768w, https:\/\/worldmsday.org\/wp-content\/uploads\/2025\/07\/MS-ireland.jpg 960w\"><noscript><img loading=\"lazy\" decoding=\"async\" width=\"800\" height=\"600\" src=\"https:\/\/worldmsday.org\/wp-content\/uploads\/2025\/07\/MS-ireland-800x600.jpg\" alt=\"\" class=\"wp-image-38179 lazyload\" sizes=\"auto, (max-width: 800px) 100vw, 800px\" srcset=\"https:\/\/worldmsday.org\/wp-content\/uploads\/2025\/07\/MS-ireland-800x600.jpg 800w, https:\/\/worldmsday.org\/wp-content\/uploads\/2025\/07\/MS-ireland-600x450.jpg 600w, https:\/\/worldmsday.org\/wp-content\/uploads\/2025\/07\/MS-ireland-768x576.jpg 768w, https:\/\/worldmsday.org\/wp-content\/uploads\/2025\/07\/MS-ireland.jpg 960w\"><\/noscript><figcaption class=\"wp-element-caption\">Image by MS Ireland.<\/figcaption><\/figure>\n<\/div><div class=\"wysiwyg__content--skinny\">\n<p><strong>Yemen<\/strong><\/p>\n<\/div><div class=\"wysiwyg__content--skinny\">\n<p><a href=\"https:\/\/www.msaden.org\/2025\/05\/4214\/\">The MS Patients Association in Yemen<\/a> gathered in a city park for an evening of MS awareness talks, personal stories and the distribution of information materials. The event was attended by the Deputy Minister of Culture, who delivered a message about the importance of early diagnosis. <\/p>\n<\/div><div class=\"wp-block-image\">\n<figure class=\"aligncenter size-large\"><img loading=\"lazy\" decoding=\"async\" width=\"900\" height=\"600\" src=\"https:\/\/worldmsday.org\/wp-content\/themes\/worldmsday\/assets\/images\/placeholder.svg\" alt=\"\" class=\"wp-image-37998 lazyload\" sizes=\"auto, (max-width: 900px) 100vw, 900px\" data-src=\"https:\/\/worldmsday.org\/wp-content\/uploads\/2025\/07\/Yemen-image-900x600.jpg\" data-srcset=\"https:\/\/worldmsday.org\/wp-content\/uploads\/2025\/07\/Yemen-image-900x600.jpg 900w, https:\/\/worldmsday.org\/wp-content\/uploads\/2025\/07\/Yemen-image-600x400.jpg 600w, https:\/\/worldmsday.org\/wp-content\/uploads\/2025\/07\/Yemen-image-768x512.jpg 768w, https:\/\/worldmsday.org\/wp-content\/uploads\/2025\/07\/Yemen-image.jpg 1024w\"><noscript><img loading=\"lazy\" decoding=\"async\" width=\"900\" height=\"600\" src=\"https:\/\/worldmsday.org\/wp-content\/uploads\/2025\/07\/Yemen-image-900x600.jpg\" alt=\"\" class=\"wp-image-37998 lazyload\" sizes=\"auto, (max-width: 900px) 100vw, 900px\" srcset=\"https:\/\/worldmsday.org\/wp-content\/uploads\/2025\/07\/Yemen-image-900x600.jpg 900w, https:\/\/worldmsday.org\/wp-content\/uploads\/2025\/07\/Yemen-image-600x400.jpg 600w, https:\/\/worldmsday.org\/wp-content\/uploads\/2025\/07\/Yemen-image-768x512.jpg 768w, https:\/\/worldmsday.org\/wp-content\/uploads\/2025\/07\/Yemen-image.jpg 1024w\"><\/noscript><figcaption class=\"wp-element-caption\">Image by the MS Patients Association in Yemen.<\/figcaption><\/figure>\n<\/div><div class=\"wysiwyg__content--skinny\">\n<h2 class=\"wp-block-heading\" id=\"Activities\"><strong>Activities<\/strong><\/h2>\n<\/div><div class=\"wysiwyg__content--skinny\">\n<p><strong>Korea<\/strong><\/p>\n<\/div><div class=\"wysiwyg__content--skinny\">\n<p>The Korean Multiple Sclerosis Association <a href=\"https:\/\/www.kmss.or.kr\/bbs\/board.php?bo_table=03_01&amp;wr_id=2719\">gathered<\/a> in Seoul for a day of activities, patient stories and expert talks on diagnosis and treatment<em>.<\/em> There was a special award ceremony, dancing performances and fun activities for all to try such as calligraphy, and keyring making booths.<\/p>\n<\/div><div class=\"wp-block-image\">\n<figure class=\"aligncenter size-large\"><img loading=\"lazy\" decoding=\"async\" width=\"900\" height=\"600\" src=\"https:\/\/worldmsday.org\/wp-content\/themes\/worldmsday\/assets\/images\/placeholder.svg\" alt=\"\" class=\"wp-image-37978 lazyload\" sizes=\"auto, (max-width: 900px) 100vw, 900px\" data-src=\"https:\/\/worldmsday.org\/wp-content\/uploads\/2025\/07\/Korea-2-900x600.jpg\" data-srcset=\"https:\/\/worldmsday.org\/wp-content\/uploads\/2025\/07\/Korea-2-900x600.jpg 900w, https:\/\/worldmsday.org\/wp-content\/uploads\/2025\/07\/Korea-2-600x400.jpg 600w, https:\/\/worldmsday.org\/wp-content\/uploads\/2025\/07\/Korea-2-768x512.jpg 768w, https:\/\/worldmsday.org\/wp-content\/uploads\/2025\/07\/Korea-2-1536x1024.jpg 1536w\"><noscript><img loading=\"lazy\" decoding=\"async\" width=\"900\" height=\"600\" src=\"https:\/\/worldmsday.org\/wp-content\/uploads\/2025\/07\/Korea-2-900x600.jpg\" alt=\"\" class=\"wp-image-37978 lazyload\" sizes=\"auto, (max-width: 900px) 100vw, 900px\" srcset=\"https:\/\/worldmsday.org\/wp-content\/uploads\/2025\/07\/Korea-2-900x600.jpg 900w, https:\/\/worldmsday.org\/wp-content\/uploads\/2025\/07\/Korea-2-600x400.jpg 600w, https:\/\/worldmsday.org\/wp-content\/uploads\/2025\/07\/Korea-2-768x512.jpg 768w, https:\/\/worldmsday.org\/wp-content\/uploads\/2025\/07\/Korea-2-1536x1024.jpg 1536w\"><\/noscript><figcaption class=\"wp-element-caption\">Image by the Korean Multiple Sclerosis Association.<\/figcaption><\/figure>\n<\/div><div class=\"wysiwyg__content--skinny\">\n<p><strong>Iceland<\/strong><br\/>The MS Society of Iceland celebrated World MS Day with a<a href=\"https:\/\/www.facebook.com\/photo.php?fbid=1130119352488245&amp;set=pb.100064705719566.-2207520000&amp;type=3\"> fun-filled family event<\/a> featuring music, magic, and games. A charity golf tournament followed to raise support for MS services. Online, a social media campaign spotlighted personal MS stories and boosted awareness and fundraising efforts.<\/p>\n<\/div><div class=\"wysiwyg__content--skinny\">\n<p><strong>Brazil<\/strong><\/p>\n<\/div><div class=\"wysiwyg__content--skinny\">\n<p>The Associa\u00e7\u00e3o Brasileira de Esclerose M\u00faltipla brought the <a href=\"https:\/\/www.instagram.com\/p\/DKdGPdGvwbA\/?hl=en\">MS community together in<\/a> Brazil with live concerts, dancing and a group trip to a theme park.<\/p>\n<\/div><div class=\"wysiwyg__content--skinny\">\n<p><strong>Lithuania<\/strong><br\/>The <a href=\"https:\/\/www.liss.lt\/\">Lithuanian MS Union<\/a> (LISS) ran a gathering at the MS therapy centre in the sunshine to build connections, promote self care.<\/p>\n<\/div><div class=\"wp-block-image\">\n<figure class=\"aligncenter size-large\"><img loading=\"lazy\" decoding=\"async\" width=\"800\" height=\"600\" src=\"https:\/\/worldmsday.org\/wp-content\/themes\/worldmsday\/assets\/images\/placeholder.svg\" alt=\"\" class=\"wp-image-37988 lazyload\" sizes=\"auto, (max-width: 800px) 100vw, 800px\" data-src=\"https:\/\/worldmsday.org\/wp-content\/uploads\/2025\/07\/inbound7520624002672781666-800x600.jpg\" data-srcset=\"https:\/\/worldmsday.org\/wp-content\/uploads\/2025\/07\/inbound7520624002672781666-800x600.jpg 800w, https:\/\/worldmsday.org\/wp-content\/uploads\/2025\/07\/inbound7520624002672781666-600x450.jpg 600w, https:\/\/worldmsday.org\/wp-content\/uploads\/2025\/07\/inbound7520624002672781666-768x576.jpg 768w, https:\/\/worldmsday.org\/wp-content\/uploads\/2025\/07\/inbound7520624002672781666-1536x1152.jpg 1536w, https:\/\/worldmsday.org\/wp-content\/uploads\/2025\/07\/inbound7520624002672781666.jpg 1600w\"><noscript><img loading=\"lazy\" decoding=\"async\" width=\"800\" height=\"600\" src=\"https:\/\/worldmsday.org\/wp-content\/uploads\/2025\/07\/inbound7520624002672781666-800x600.jpg\" alt=\"\" class=\"wp-image-37988 lazyload\" sizes=\"auto, (max-width: 800px) 100vw, 800px\" srcset=\"https:\/\/worldmsday.org\/wp-content\/uploads\/2025\/07\/inbound7520624002672781666-800x600.jpg 800w, https:\/\/worldmsday.org\/wp-content\/uploads\/2025\/07\/inbound7520624002672781666-600x450.jpg 600w, https:\/\/worldmsday.org\/wp-content\/uploads\/2025\/07\/inbound7520624002672781666-768x576.jpg 768w, https:\/\/worldmsday.org\/wp-content\/uploads\/2025\/07\/inbound7520624002672781666-1536x1152.jpg 1536w, https:\/\/worldmsday.org\/wp-content\/uploads\/2025\/07\/inbound7520624002672781666.jpg 1600w\"><\/noscript><figcaption class=\"wp-element-caption\">Image by the Lithuanian MS Union (LISS)<\/figcaption><\/figure>\n<\/div><div class=\"wysiwyg__content--skinny\">\n<p><strong>Argentina<\/strong><\/p>\n<\/div><div class=\"wysiwyg__content--skinny\">\n<p>The Asociaci\u00f3n de Lucha Contra la Esclerosis M\u00faltiple organised a <a href=\"https:\/\/www.instagram.com\/p\/DKV9x4Cti4y\/?hl=en\">community sailing day.<\/a> The local MS community made waves together, navigating the water whilst building relationships with other people affected by MS.<\/p>\n<\/div><div class=\"wysiwyg__content--skinny\">\n<p><strong>Portugal<\/strong><\/p>\n<\/div><div class=\"wysiwyg__content--skinny\">\n<p>The Sociedade Portuguesa de Sclerosis M\u00faltipla (SPEM) ran a jam-packed <a href=\"https:\/\/www.instagram.com\/p\/DKJ5DCgvPYP\/?hl=en\">World MS Day program<\/a>, with seminars on positive psychology, group picnics, theatre shows and MS events. The My MS Diagnosis poster maker was even translated into Portuguese to share diagnosis stories locally. <\/p>\n<\/div><div class=\"wysiwyg__content--skinny\">\n<p><strong>Greece<\/strong><\/p>\n<\/div><div class=\"wysiwyg__content--skinny\">\n<p>The Greek MS Society hosted a <a href=\"https:\/\/www.facebook.com\/greekmssociety\/posts\/pfbid028pVSJ4Bd63n1y3WrcqNyqmWVgnBNEoB5ctgpe1C4cPfWwXHCEGcTSQzTUk7ZgRZCl\">vibrant day<\/a> of free activities across Thessaloniki &#8211; from Pilates and sailing to group photos. Participants wore orange and illuminated the city to raise awareness.<\/p>\n<\/div><div class=\"wp-block-image\">\n<figure class=\"aligncenter size-large\"><img loading=\"lazy\" decoding=\"async\" width=\"796\" height=\"600\" src=\"https:\/\/worldmsday.org\/wp-content\/themes\/worldmsday\/assets\/images\/placeholder.svg\" alt=\"\" class=\"wp-image-38003 lazyload\" sizes=\"auto, (max-width: 796px) 100vw, 796px\" data-src=\"https:\/\/worldmsday.org\/wp-content\/uploads\/2025\/07\/502715503_18061319174163388_4917758881440254200_n-796x600.jpg\" data-srcset=\"https:\/\/worldmsday.org\/wp-content\/uploads\/2025\/07\/502715503_18061319174163388_4917758881440254200_n-796x600.jpg 796w, https:\/\/worldmsday.org\/wp-content\/uploads\/2025\/07\/502715503_18061319174163388_4917758881440254200_n-600x452.jpg 600w, https:\/\/worldmsday.org\/wp-content\/uploads\/2025\/07\/502715503_18061319174163388_4917758881440254200_n-768x579.jpg 768w, https:\/\/worldmsday.org\/wp-content\/uploads\/2025\/07\/502715503_18061319174163388_4917758881440254200_n.jpg 1200w\"><noscript><img loading=\"lazy\" decoding=\"async\" width=\"796\" height=\"600\" src=\"https:\/\/worldmsday.org\/wp-content\/uploads\/2025\/07\/502715503_18061319174163388_4917758881440254200_n-796x600.jpg\" alt=\"\" class=\"wp-image-38003 lazyload\" sizes=\"auto, (max-width: 796px) 100vw, 796px\" srcset=\"https:\/\/worldmsday.org\/wp-content\/uploads\/2025\/07\/502715503_18061319174163388_4917758881440254200_n-796x600.jpg 796w, https:\/\/worldmsday.org\/wp-content\/uploads\/2025\/07\/502715503_18061319174163388_4917758881440254200_n-600x452.jpg 600w, https:\/\/worldmsday.org\/wp-content\/uploads\/2025\/07\/502715503_18061319174163388_4917758881440254200_n-768x579.jpg 768w, https:\/\/worldmsday.org\/wp-content\/uploads\/2025\/07\/502715503_18061319174163388_4917758881440254200_n.jpg 1200w\"><\/noscript><figcaption class=\"wp-element-caption\">Image by the Greek MS Society <\/figcaption><\/figure>\n<\/div><div class=\"wysiwyg__content--skinny\">\n<p><strong>Japan<\/strong><br\/>The Japan MS Society continued its focus on wellness with an <a href=\"http:\/\/www.jmss-s.jp\/news\/news250510.pdf\">open yoga class<\/a><em>. <\/em>The class encouraged connection and movement &#8211; inviting participants to feel good while learning more about MS.<\/p>\n<\/div><div class=\"wysiwyg__content--skinny\">\n<p><strong>Malaysia<\/strong><\/p>\n<\/div><div class=\"wysiwyg__content--skinny\">\n<p>World MS Day was celebrated across Malaysia. <a href=\"https:\/\/www.facebook.com\/permalink.php?story_fbid=pfbid0SBX2c5Vd1rxYbjtSt11uTcRoQCEQdw5LNDS6UWfDXHCw2L5K4CLMnKoV12Wh16oLl&amp;id=100064671134810\">The Penang MS Support Group <\/a>gathered to celebrate it\u2019s 16 anniversary of the regional support groups, with talks and interactive drawing activities. The MS Society of Malaysia met together in a hospital for a joint event under the theme \u2018Caring Minds, Connected Lives\u2019.<\/p>\n<\/div><div class=\"wp-block-image\">\n<figure class=\"aligncenter size-large\"><img loading=\"lazy\" decoding=\"async\" width=\"1070\" height=\"600\" src=\"https:\/\/worldmsday.org\/wp-content\/themes\/worldmsday\/assets\/images\/placeholder.svg\" alt=\"\" class=\"wp-image-37993 lazyload\" sizes=\"auto, (max-width: 1070px) 100vw, 1070px\" data-src=\"https:\/\/worldmsday.org\/wp-content\/uploads\/2025\/07\/a3ea8b87-e4d1-462f-9810-2ce1662e3c8a-1070x600.jpeg\" data-srcset=\"https:\/\/worldmsday.org\/wp-content\/uploads\/2025\/07\/a3ea8b87-e4d1-462f-9810-2ce1662e3c8a-1070x600.jpeg 1070w, https:\/\/worldmsday.org\/wp-content\/uploads\/2025\/07\/a3ea8b87-e4d1-462f-9810-2ce1662e3c8a-600x336.jpeg 600w, https:\/\/worldmsday.org\/wp-content\/uploads\/2025\/07\/a3ea8b87-e4d1-462f-9810-2ce1662e3c8a-768x431.jpeg 768w, https:\/\/worldmsday.org\/wp-content\/uploads\/2025\/07\/a3ea8b87-e4d1-462f-9810-2ce1662e3c8a-1536x861.jpeg 1536w, https:\/\/worldmsday.org\/wp-content\/uploads\/2025\/07\/a3ea8b87-e4d1-462f-9810-2ce1662e3c8a-2048x1148.jpeg 2048w\"><noscript><img loading=\"lazy\" decoding=\"async\" width=\"1070\" height=\"600\" src=\"https:\/\/worldmsday.org\/wp-content\/uploads\/2025\/07\/a3ea8b87-e4d1-462f-9810-2ce1662e3c8a-1070x600.jpeg\" alt=\"\" class=\"wp-image-37993 lazyload\" sizes=\"auto, (max-width: 1070px) 100vw, 1070px\" srcset=\"https:\/\/worldmsday.org\/wp-content\/uploads\/2025\/07\/a3ea8b87-e4d1-462f-9810-2ce1662e3c8a-1070x600.jpeg 1070w, https:\/\/worldmsday.org\/wp-content\/uploads\/2025\/07\/a3ea8b87-e4d1-462f-9810-2ce1662e3c8a-600x336.jpeg 600w, https:\/\/worldmsday.org\/wp-content\/uploads\/2025\/07\/a3ea8b87-e4d1-462f-9810-2ce1662e3c8a-768x431.jpeg 768w, https:\/\/worldmsday.org\/wp-content\/uploads\/2025\/07\/a3ea8b87-e4d1-462f-9810-2ce1662e3c8a-1536x861.jpeg 1536w, https:\/\/worldmsday.org\/wp-content\/uploads\/2025\/07\/a3ea8b87-e4d1-462f-9810-2ce1662e3c8a-2048x1148.jpeg 2048w\"><\/noscript><figcaption class=\"wp-element-caption\">Image by the Penang MS Support Group<\/figcaption><\/figure>\n<\/div><div class=\"wysiwyg__content--skinny\">\n<h2 class=\"wp-block-heading\" id=\"Making-Headlines\"><strong>Making Headlines<\/strong><\/h2>\n<\/div><div class=\"wysiwyg__content--skinny\">\n<p><strong>Turkey<\/strong><\/p>\n<\/div><div class=\"wysiwyg__content--skinny\">\n<p>MS Turkey ran a <a href=\"https:\/\/www.facebook.com\/tmsdernegi\/posts\/pfbid0213eP6ryiiyQqgeMxj8FotyjtJTfKSESX9nh2ZYnPTzHT1qwQjJhxbkN9G73aDX29l\">Press Conference<\/a> to launch <em>MSafeler<\/em> &#8211; an innovative, AI-assisted visual art project aimed at making the invisible symptoms of MS visible. By mixing art and technology, this initiative raised MS awareness and highlighted the importance of early diagnosis.<\/p>\n<\/div><div class=\"wysiwyg__content--skinny\">\n<p><strong>Argentina<br\/><\/strong>Esclerosis M\u00faltiple Argentina ran a <a href=\"https:\/\/diamundialem.com.ar\/\">live radio broadcast<\/a> over two hours to raise awareness about MS symptoms, rehabilitation, research, and patient rights. There was also a series of MS seminars with healthcare professionals including neurologists, psychologists and nutritionists.<\/p>\n<\/div><div class=\"wp-block-image\">\n<figure class=\"aligncenter size-full\"><img loading=\"lazy\" decoding=\"async\" width=\"1128\" height=\"586\" src=\"https:\/\/worldmsday.org\/wp-content\/themes\/worldmsday\/assets\/images\/placeholder.svg\" alt=\"\" class=\"wp-image-38013 lazyload\" sizes=\"auto, (max-width: 1128px) 100vw, 1128px\" data-src=\"https:\/\/worldmsday.org\/wp-content\/uploads\/2025\/07\/EMA-radio.png\" data-srcset=\"https:\/\/worldmsday.org\/wp-content\/uploads\/2025\/07\/EMA-radio.png 1128w, https:\/\/worldmsday.org\/wp-content\/uploads\/2025\/07\/EMA-radio-600x312.png 600w, https:\/\/worldmsday.org\/wp-content\/uploads\/2025\/07\/EMA-radio-768x399.png 768w\"><noscript><img loading=\"lazy\" decoding=\"async\" width=\"1128\" height=\"586\" src=\"https:\/\/worldmsday.org\/wp-content\/uploads\/2025\/07\/EMA-radio.png\" alt=\"\" class=\"wp-image-38013 lazyload\" sizes=\"auto, (max-width: 1128px) 100vw, 1128px\" srcset=\"https:\/\/worldmsday.org\/wp-content\/uploads\/2025\/07\/EMA-radio.png 1128w, https:\/\/worldmsday.org\/wp-content\/uploads\/2025\/07\/EMA-radio-600x312.png 600w, https:\/\/worldmsday.org\/wp-content\/uploads\/2025\/07\/EMA-radio-768x399.png 768w\"><\/noscript><figcaption class=\"wp-element-caption\">Image by Esclerosis M\u00faltiple Argentina.<\/figcaption><\/figure>\n<\/div><div class=\"wysiwyg__content--skinny\">\n<p><strong>Spain<\/strong><\/p>\n<\/div><div class=\"wysiwyg__content--skinny\">\n<p>La Asociaci\u00f3n Espa\u00f1ola de Esclerosis M\u00faltiple\u00a0(AEDEM) created a powerful <a href=\"https:\/\/aedem.org\/30-de-mayo-dia-mundial-de-la-esclerosis-multiple-2\/\">Press Release<\/a>. The message was picked up by national media outlets, amplifying the importance of early MS diagnosis, MS training, continued care, and the need for MS associations across Spain.<\/p>\n<\/div><div class=\"wysiwyg__content--skinny\">\n<h2 class=\"wp-block-heading\" id=\"MS-Awareness-and-Training\"><strong>MS Awareness and Training<\/strong><\/h2>\n<\/div><div class=\"wysiwyg__content--skinny\">\n<p>Lack of MS awareness among healthcare professionals and the public are major barriers to early diagnosis. This World MS Day, MS organisations led awareness and training initiatives to improve knowledge of MS.<\/p>\n<\/div><div class=\"wysiwyg__content--skinny\">\n<p><strong>Nepal<\/strong><\/p>\n<\/div><div class=\"wysiwyg__content--skinny\">\n<p><a href=\"https:\/\/www.facebook.com\/Multiplesclerosisnepal\/posts\/pfbid02HxADTm1Tqi8voymAsacg5bGBfhq5vTGGXtusSytHXWihgRQSEfjU6mSoJETAUeU2l\">The Multiple Sclerosis Society Nepal<\/a><strong> (<\/strong>MSSN) hosted a national conference in Kathmandu to raise awareness about MS and the challenges of timely diagnosis in Nepal. The event featured keynote lectures by neurologists, patient testimonials, and a multidisciplinary panel discussion on diagnosis. Over 100 participants attended the conference which increased awareness, promoted early diagnosis, and strengthened partnerships between MSSN and medical institutions.<\/p>\n<\/div><div class=\"wp-block-image\">\n<figure class=\"aligncenter size-large\"><img loading=\"lazy\" decoding=\"async\" width=\"1366\" height=\"567\" src=\"https:\/\/worldmsday.org\/wp-content\/themes\/worldmsday\/assets\/images\/placeholder.svg\" alt=\"\" class=\"wp-image-38108 lazyload\" sizes=\"auto, (max-width: 1366px) 100vw, 1366px\" data-src=\"https:\/\/worldmsday.org\/wp-content\/uploads\/2025\/07\/MSSN_MS-DAY_Conference-11-1366x567.jpeg\" data-srcset=\"https:\/\/worldmsday.org\/wp-content\/uploads\/2025\/07\/MSSN_MS-DAY_Conference-11-1366x567.jpeg 1366w, https:\/\/worldmsday.org\/wp-content\/uploads\/2025\/07\/MSSN_MS-DAY_Conference-11-600x249.jpeg 600w, https:\/\/worldmsday.org\/wp-content\/uploads\/2025\/07\/MSSN_MS-DAY_Conference-11-768x319.jpeg 768w, https:\/\/worldmsday.org\/wp-content\/uploads\/2025\/07\/MSSN_MS-DAY_Conference-11-1536x637.jpeg 1536w, https:\/\/worldmsday.org\/wp-content\/uploads\/2025\/07\/MSSN_MS-DAY_Conference-11.jpeg 1600w\"><noscript><img loading=\"lazy\" decoding=\"async\" width=\"1366\" height=\"567\" src=\"https:\/\/worldmsday.org\/wp-content\/uploads\/2025\/07\/MSSN_MS-DAY_Conference-11-1366x567.jpeg\" alt=\"\" class=\"wp-image-38108 lazyload\" sizes=\"auto, (max-width: 1366px) 100vw, 1366px\" srcset=\"https:\/\/worldmsday.org\/wp-content\/uploads\/2025\/07\/MSSN_MS-DAY_Conference-11-1366x567.jpeg 1366w, https:\/\/worldmsday.org\/wp-content\/uploads\/2025\/07\/MSSN_MS-DAY_Conference-11-600x249.jpeg 600w, https:\/\/worldmsday.org\/wp-content\/uploads\/2025\/07\/MSSN_MS-DAY_Conference-11-768x319.jpeg 768w, https:\/\/worldmsday.org\/wp-content\/uploads\/2025\/07\/MSSN_MS-DAY_Conference-11-1536x637.jpeg 1536w, https:\/\/worldmsday.org\/wp-content\/uploads\/2025\/07\/MSSN_MS-DAY_Conference-11.jpeg 1600w\"><\/noscript><figcaption class=\"wp-element-caption\">Image by The Multiple Sclerosis Society Nepal.<\/figcaption><\/figure>\n<\/div><div class=\"wysiwyg__content--skinny\">\n<p><strong>Romania<\/strong><\/p>\n<\/div><div class=\"wysiwyg__content--skinny\">\n<p>The Association of Patients with Neurodegenerative Conditions in Romania (APAN) brought the MS community together for <a href=\"https:\/\/www.facebook.com\/APANRomania\/posts\/pfbid0Rgo8vmztrd5KfxSX6UFUA3YLSTkGhZWGfTMi9zj9SY3yk5i66iR6moGEPfMEU35zl\">two days<\/a> of learning, sharing, and support. Neurologists and psychologists joined people living with MS to share management tips, and resilience strategies for life with MS.<\/p>\n<\/div><div class=\"wp-block-image\">\n<figure class=\"aligncenter size-large\"><img loading=\"lazy\" decoding=\"async\" width=\"900\" height=\"600\" src=\"https:\/\/worldmsday.org\/wp-content\/themes\/worldmsday\/assets\/images\/placeholder.svg\" alt=\"\" class=\"wp-image-38113 lazyload\" sizes=\"auto, (max-width: 900px) 100vw, 900px\" data-src=\"https:\/\/worldmsday.org\/wp-content\/uploads\/2025\/07\/APAN-romania-900x600.jpg\" data-srcset=\"https:\/\/worldmsday.org\/wp-content\/uploads\/2025\/07\/APAN-romania-900x600.jpg 900w, https:\/\/worldmsday.org\/wp-content\/uploads\/2025\/07\/APAN-romania-600x400.jpg 600w, https:\/\/worldmsday.org\/wp-content\/uploads\/2025\/07\/APAN-romania-768x512.jpg 768w, https:\/\/worldmsday.org\/wp-content\/uploads\/2025\/07\/APAN-romania-1536x1024.jpg 1536w, https:\/\/worldmsday.org\/wp-content\/uploads\/2025\/07\/APAN-romania.jpg 2048w\"><noscript><img loading=\"lazy\" decoding=\"async\" width=\"900\" height=\"600\" src=\"https:\/\/worldmsday.org\/wp-content\/uploads\/2025\/07\/APAN-romania-900x600.jpg\" alt=\"\" class=\"wp-image-38113 lazyload\" sizes=\"auto, (max-width: 900px) 100vw, 900px\" srcset=\"https:\/\/worldmsday.org\/wp-content\/uploads\/2025\/07\/APAN-romania-900x600.jpg 900w, https:\/\/worldmsday.org\/wp-content\/uploads\/2025\/07\/APAN-romania-600x400.jpg 600w, https:\/\/worldmsday.org\/wp-content\/uploads\/2025\/07\/APAN-romania-768x512.jpg 768w, https:\/\/worldmsday.org\/wp-content\/uploads\/2025\/07\/APAN-romania-1536x1024.jpg 1536w, https:\/\/worldmsday.org\/wp-content\/uploads\/2025\/07\/APAN-romania.jpg 2048w\"><\/noscript><figcaption class=\"wp-element-caption\">Image by the Association of Patients with Neurodegenerative Conditions in Romania.<\/figcaption><\/figure>\n<\/div><div class=\"wysiwyg__content--skinny\">\n<p><strong>Colombia<\/strong><br\/>In Medell\u00edn, the Asociaci\u00f3n de Lucha Contra la Esclerosis M\u00faltiple (ALEM) hosted its flagship <a href=\"https:\/\/www.facebook.com\/fecoer\/posts\/-invitaci%C3%B3n-especial%EF%B8%8Fpr%C3%A1ctica-m%C3%A9dica-solidaria-con-la-esclerosism%C3%BAltiple-em-even\/1277230157739451\/\">event, <\/a><em>Pr\u00e1ctica M\u00e9dica Solidaria con la EM<\/em>, in collaboration with the Universidad de Antioquia. The day brought together top neurologists to discuss advances in MS diagnosis and care. <\/p>\n<\/div><div class=\"wysiwyg__content--skinny\">\n<p>In Bogot\u00e1 the Fundaci\u00f3n para la Esclerosis M\u00faltiple y otras enfermedades (FUNDEM) organised <a href=\"https:\/\/www.facebook.com\/fundemcontigo\/posts\/-orden-del-d%C3%ADa-d%C3%ADa-mundial-de-la-esclerosis-m%C3%BAltipleen-el-marco-de-la-conmemorac\/1116369327194805\/\">a day<\/a> of MS learning, awareness and connection. The event was organised in collaboration with the Ibero-American University\u00a0of Colombia with talks from experts in neurology and physiotherapy, as well as personal stories from people with MS.<\/p>\n<\/div><div class=\"wp-block-image\">\n<figure class=\"aligncenter size-full\"><img loading=\"lazy\" decoding=\"async\" width=\"796\" height=\"415\" src=\"https:\/\/worldmsday.org\/wp-content\/themes\/worldmsday\/assets\/images\/placeholder.svg\" alt=\"\" class=\"wp-image-38193 lazyload\" sizes=\"auto, (max-width: 796px) 100vw, 796px\" data-src=\"https:\/\/worldmsday.org\/wp-content\/uploads\/2025\/07\/fundem-2.png\" data-srcset=\"https:\/\/worldmsday.org\/wp-content\/uploads\/2025\/07\/fundem-2.png 796w, https:\/\/worldmsday.org\/wp-content\/uploads\/2025\/07\/fundem-2-600x313.png 600w, https:\/\/worldmsday.org\/wp-content\/uploads\/2025\/07\/fundem-2-768x400.png 768w\"><noscript><img loading=\"lazy\" decoding=\"async\" width=\"796\" height=\"415\" src=\"https:\/\/worldmsday.org\/wp-content\/uploads\/2025\/07\/fundem-2.png\" alt=\"\" class=\"wp-image-38193 lazyload\" sizes=\"auto, (max-width: 796px) 100vw, 796px\" srcset=\"https:\/\/worldmsday.org\/wp-content\/uploads\/2025\/07\/fundem-2.png 796w, https:\/\/worldmsday.org\/wp-content\/uploads\/2025\/07\/fundem-2-600x313.png 600w, https:\/\/worldmsday.org\/wp-content\/uploads\/2025\/07\/fundem-2-768x400.png 768w\"><\/noscript><figcaption class=\"wp-element-caption\">Image by FUNDEM. <\/figcaption><\/figure>\n<\/div><div class=\"wysiwyg__content--skinny\">\n<p><strong>Bahrain<\/strong><\/p>\n<\/div><div class=\"wysiwyg__content--skinny\">\n<p>The Bahrain MS Patients Society held a special\u00a0<a href=\"https:\/\/www.instagram.com\/p\/C7tLhKkMsv1\/?utm_source=ig_web_copy_link&amp;igsh=MzRlODBiNWFlZA==\">World MS Day event<\/a>\u00a0with presentations from neurologists consultants and physiotherapists.<\/p>\n<\/div><div class=\"wysiwyg__content--skinny\">\n<p><strong>Cuba<\/strong><br\/>On May 30, EMCuba marked World MS Day with a special scientific and <a href=\"https:\/\/www.instagram.com\/p\/DKWGU7WsqHS\/?img_index=1\">recreational event<\/a> at the Casa de Cultura in Centro Habana. The celebration highlighted progress in MS awareness, research, and community support throughout the month of May.<\/p>\n<\/div><div class=\"wp-block-image\">\n<figure class=\"aligncenter size-full\"><img loading=\"lazy\" decoding=\"async\" width=\"850\" height=\"465\" src=\"https:\/\/worldmsday.org\/wp-content\/themes\/worldmsday\/assets\/images\/placeholder.svg\" alt=\"\" class=\"wp-image-38118 lazyload\" sizes=\"auto, (max-width: 850px) 100vw, 850px\" data-src=\"https:\/\/worldmsday.org\/wp-content\/uploads\/2025\/07\/EM-CUBA.png\" data-srcset=\"https:\/\/worldmsday.org\/wp-content\/uploads\/2025\/07\/EM-CUBA.png 850w, https:\/\/worldmsday.org\/wp-content\/uploads\/2025\/07\/EM-CUBA-600x328.png 600w, https:\/\/worldmsday.org\/wp-content\/uploads\/2025\/07\/EM-CUBA-768x420.png 768w\"><noscript><img loading=\"lazy\" decoding=\"async\" width=\"850\" height=\"465\" src=\"https:\/\/worldmsday.org\/wp-content\/uploads\/2025\/07\/EM-CUBA.png\" alt=\"\" class=\"wp-image-38118 lazyload\" sizes=\"auto, (max-width: 850px) 100vw, 850px\" srcset=\"https:\/\/worldmsday.org\/wp-content\/uploads\/2025\/07\/EM-CUBA.png 850w, https:\/\/worldmsday.org\/wp-content\/uploads\/2025\/07\/EM-CUBA-600x328.png 600w, https:\/\/worldmsday.org\/wp-content\/uploads\/2025\/07\/EM-CUBA-768x420.png 768w\"><\/noscript><figcaption class=\"wp-element-caption\">Image by EMCuba.<\/figcaption><\/figure>\n<\/div><div class=\"wysiwyg__content--skinny\">\n<p><strong>Germany<\/strong><br\/>The German MS Society (DMSG) launched a series of impactful initiatives under the theme <em><a href=\"https:\/\/welt-ms-tag.dmsg.de\/tausend-gesichter-und-deins?fbclid=IwY2xjawLkVqJleHRuA2FlbQIxMABicmlkETEwUFNyQWJFTVNFdFBZODc1AR5evb671dQbdaGS1E9wh_2CvCBnh8YI_qwmuQLAksgZQ8pH8DWpM052eBpRzw_aem_dYn_pKPFfgJJWjNQsK45sg\">\u201cDiagnosed with MS? A Thousand Faces \u2013 and Yours<\/a>.\u201d<\/em> A national online seminar with MS experts provided vital guidance on diagnosis, treatment options, and living well with MS<\/p>\n<\/div><div class=\"wysiwyg__content--skinny\">\n<p><strong>Global<\/strong><\/p>\n<\/div><div class=\"wysiwyg__content--skinny\">\n<p>Early diagnosis of MS is vital but the MS community face barriers preventing early diagnosis in\u00a083% of countries\u00a0worldwide. The MS International Federation (MSIF) organised a global webcast on 30 May about \u2018Improving MS Diagnosis Globally\u2019. There was an international panel featuring people with MS, experts in neurology and MS research, and MS organisations leading innovative diagnosis work. You can watch a recording of the webcast <a href=\"https:\/\/www.youtube.com\/live\/79qYfwGj4kc?feature=shared\">here. \u00a0<\/a><\/p>\n<\/div><div class=\"wysiwyg__content--skinny\">\n<p><strong>Spain<\/strong><br\/>Esclerosis M\u00faltiple Espa\u00f1a launched a <a href=\"https:\/\/www.diamundialem.org\/\">nationwide campaign<\/a> under the slogan <em>My MS is real, I\u2019m not making it up<\/em>, calling for faster diagnoses and more comprehensive care. <a href=\"https:\/\/www.youtube.com\/watch?v=6uxJwLEWNgQ\">A powerful video<\/a> shared the real-life impact of diagnosis and the emotional toll of living with misunderstood symptoms.<\/p>\n<\/div><div class=\"wysiwyg__content--skinny\">\n<p><strong>Kuwait<\/strong><\/p>\n<\/div><div class=\"wysiwyg__content--skinny\">\n<p>MS Kuwait marked World MS Day 2025 with a <a href=\"https:\/\/www.instagram.com\/reel\/DKKJTGmsdRx\/?hl=en\">special awareness even<\/a>t held under the patronage of Sheikha Anisa Al-Hamoud Al-Sabah. The event featured expert speakers from the Ministry of Health, who highlighted the importance of early diagnosis, better care, and raising MS awareness in Kuwait.<\/p>\n<\/div><div class=\"wp-block-image\">\n<figure class=\"aligncenter size-large is-resized\"><img loading=\"lazy\" decoding=\"async\" width=\"898\" height=\"600\" src=\"https:\/\/worldmsday.org\/wp-content\/themes\/worldmsday\/assets\/images\/placeholder.svg\" alt=\"\" class=\"wp-image-38018 lazyload\" style=\"width:750px;height:auto\" sizes=\"auto, (max-width: 898px) 100vw, 898px\" data-src=\"https:\/\/worldmsday.org\/wp-content\/uploads\/2025\/07\/kuwait-898x600.png\" data-srcset=\"https:\/\/worldmsday.org\/wp-content\/uploads\/2025\/07\/kuwait-898x600.png 898w, https:\/\/worldmsday.org\/wp-content\/uploads\/2025\/07\/kuwait-600x401.png 600w, https:\/\/worldmsday.org\/wp-content\/uploads\/2025\/07\/kuwait-768x513.png 768w, https:\/\/worldmsday.org\/wp-content\/uploads\/2025\/07\/kuwait.png 1245w\"><noscript><img loading=\"lazy\" decoding=\"async\" width=\"898\" height=\"600\" src=\"https:\/\/worldmsday.org\/wp-content\/uploads\/2025\/07\/kuwait-898x600.png\" alt=\"\" class=\"wp-image-38018 lazyload\" style=\"width:750px;height:auto\" sizes=\"auto, (max-width: 898px) 100vw, 898px\" srcset=\"https:\/\/worldmsday.org\/wp-content\/uploads\/2025\/07\/kuwait-898x600.png 898w, https:\/\/worldmsday.org\/wp-content\/uploads\/2025\/07\/kuwait-600x401.png 600w, https:\/\/worldmsday.org\/wp-content\/uploads\/2025\/07\/kuwait-768x513.png 768w, https:\/\/worldmsday.org\/wp-content\/uploads\/2025\/07\/kuwait.png 1245w\"><\/noscript><figcaption class=\"wp-element-caption\">Image by MS Kuwait.<\/figcaption><\/figure>\n<\/div><div class=\"wysiwyg__content--skinny\">\n<p><strong>Global<\/strong><\/p>\n<\/div><div class=\"wysiwyg__content--skinny\">\n<p>To mark World MS Day 2025, a special online course titled <em>MS Diagnosis and Symptoms<\/em> was launched to improve global understanding of MS Diagnosis. It was designed for anyone interested in learning about MS symptoms, diagnosis and improving early detection worldwide. The course engaged 1,591 participants from 116 countries. With over half of all enrolments coming from healthcare professionals, the course proved to be a valuable educational tool for the medical community. It was developed by\u00a0<a href=\"https:\/\/ms.mooc.utas.edu.au\/\"><strong>Menzies Institute for Medical Research<\/strong><\/a>\u00a0in collaboration with\u00a0<a href=\"https:\/\/www.msif.org\/\"><strong>MS International Federation<\/strong><\/a>\u00a0and with support from\u00a0<a href=\"https:\/\/www.msaustralia.org.au\/\"><strong>MS Australia<\/strong><\/a>\u00a0and\u00a0<a href=\"https:\/\/www.msplus.org.au\/\"><strong>MS Plus.<\/strong><\/a><\/p>\n<\/div><div class=\"wysiwyg__content--skinny\">\n<h2 class=\"wp-block-heading\" id=\"MS-Research\"><strong>MS Research<\/strong><\/h2>\n<\/div><div class=\"wysiwyg__content--skinny\">\n<p>This World MS Day, MS organisations shared new MS research and championed clinical innovation &#8211; funding new studies and sharing new findings.<\/p>\n<\/div><div class=\"wysiwyg__content--skinny\">\n<p><strong>Italy<\/strong><\/p>\n<\/div><div class=\"wysiwyg__content--skinny\">\n<p>In Italy the Cochrane MS and Rare Diseases of the CNS <a href=\"https:\/\/ms.cochrane.org\/news\/reproductive-health-women-multiple-sclerosis-global-voices\">held a webinar<\/a> about reproductive Health for Women with MS. The webinar featured medical experts, real-life patient experiences, and new research efforts, shedding light on the gender knowledge gaps and information needs of women with MS.<\/p>\n<\/div><div class=\"wp-block-image\">\n<figure class=\"aligncenter size-large\"><img loading=\"lazy\" decoding=\"async\" width=\"424\" height=\"600\" src=\"https:\/\/worldmsday.org\/wp-content\/themes\/worldmsday\/assets\/images\/placeholder.svg\" alt=\"\" class=\"wp-image-38173 lazyload\" sizes=\"auto, (max-width: 424px) 100vw, 424px\" data-src=\"https:\/\/worldmsday.org\/wp-content\/uploads\/2025\/07\/Cochrane-424x600.png\" data-srcset=\"https:\/\/worldmsday.org\/wp-content\/uploads\/2025\/07\/Cochrane-424x600.png 424w, https:\/\/worldmsday.org\/wp-content\/uploads\/2025\/07\/Cochrane-768x1087.png 768w, https:\/\/worldmsday.org\/wp-content\/uploads\/2025\/07\/Cochrane.png 848w\"><noscript><img loading=\"lazy\" decoding=\"async\" width=\"424\" height=\"600\" src=\"https:\/\/worldmsday.org\/wp-content\/uploads\/2025\/07\/Cochrane-424x600.png\" alt=\"\" class=\"wp-image-38173 lazyload\" sizes=\"auto, (max-width: 424px) 100vw, 424px\" srcset=\"https:\/\/worldmsday.org\/wp-content\/uploads\/2025\/07\/Cochrane-424x600.png 424w, https:\/\/worldmsday.org\/wp-content\/uploads\/2025\/07\/Cochrane-768x1087.png 768w, https:\/\/worldmsday.org\/wp-content\/uploads\/2025\/07\/Cochrane.png 848w\"><\/noscript><\/figure>\n<\/div><div class=\"wysiwyg__content--skinny\">\n<p><strong>Morocco<\/strong><br\/>Hana SEP ran an <a href=\"https:\/\/www.facebook.com\/photo\/?fbid=1095012192652125&amp;set=pb.100064300644983.-2207520000\">educational seminar<\/a> with leading neurologists.\u00a0 The panel discussed new treatments alongside psychological and social support for people living with MS.<\/p>\n<\/div><div class=\"wp-block-image\">\n<figure class=\"aligncenter size-large\"><img loading=\"lazy\" decoding=\"async\" width=\"800\" height=\"600\" src=\"https:\/\/worldmsday.org\/wp-content\/themes\/worldmsday\/assets\/images\/placeholder.svg\" alt=\"\" class=\"wp-image-38148 lazyload\" sizes=\"auto, (max-width: 800px) 100vw, 800px\" data-src=\"https:\/\/worldmsday.org\/wp-content\/uploads\/2025\/07\/morocco-800x600.jpg\" data-srcset=\"https:\/\/worldmsday.org\/wp-content\/uploads\/2025\/07\/morocco-800x600.jpg 800w, https:\/\/worldmsday.org\/wp-content\/uploads\/2025\/07\/morocco-600x450.jpg 600w, https:\/\/worldmsday.org\/wp-content\/uploads\/2025\/07\/morocco-768x576.jpg 768w, https:\/\/worldmsday.org\/wp-content\/uploads\/2025\/07\/morocco-1536x1152.jpg 1536w, https:\/\/worldmsday.org\/wp-content\/uploads\/2025\/07\/morocco.jpg 1600w\"><noscript><img loading=\"lazy\" decoding=\"async\" width=\"800\" height=\"600\" src=\"https:\/\/worldmsday.org\/wp-content\/uploads\/2025\/07\/morocco-800x600.jpg\" alt=\"\" class=\"wp-image-38148 lazyload\" sizes=\"auto, (max-width: 800px) 100vw, 800px\" srcset=\"https:\/\/worldmsday.org\/wp-content\/uploads\/2025\/07\/morocco-800x600.jpg 800w, https:\/\/worldmsday.org\/wp-content\/uploads\/2025\/07\/morocco-600x450.jpg 600w, https:\/\/worldmsday.org\/wp-content\/uploads\/2025\/07\/morocco-768x576.jpg 768w, https:\/\/worldmsday.org\/wp-content\/uploads\/2025\/07\/morocco-1536x1152.jpg 1536w, https:\/\/worldmsday.org\/wp-content\/uploads\/2025\/07\/morocco.jpg 1600w\"><\/noscript><figcaption class=\"wp-element-caption\">Image by Hana SEP.<\/figcaption><\/figure>\n<\/div><div class=\"wysiwyg__content--skinny\">\n<p><strong>Sweden<\/strong><\/p>\n<\/div><div class=\"wysiwyg__content--skinny\">\n<p>Neurof\u00f6rbundet (Neuro Sweden) <a href=\"https:\/\/www.instagram.com\/p\/DKRYaGjNQIK\/?img_index=1\">organised MS Conferences in<\/a> seven locations across Sweden. The conferences featured MS research lectures from neurologists and seminars from people with MS.<\/p>\n<\/div><div class=\"wysiwyg__content--skinny\">\n<p><strong>Tunisia<\/strong><\/p>\n<\/div><div class=\"wysiwyg__content--skinny\">\n<p>The Association Tunisienne des Malades de la Scl\u00e9rose en Plaques (ATSEP) organised a World MS Day <a href=\"https:\/\/www.facebook.com\/atseppageofficielle\/posts\/pfbid02KViX9XvmLdVJpGgLaYPvtV1BLtmf2MU2dqyLkafMTBaPaHKqt5xiU8EtAiXisaWql\">event<\/a> with presentations from researchers, doctors and rehabilitation specialists on the latest MS research and managing MS.<\/p>\n<\/div><div class=\"wysiwyg__content--skinny\">\n<h2 class=\"wp-block-heading\" id=\"Challenges\"><strong>Challenges<\/strong><\/h2>\n<\/div><div class=\"wysiwyg__content--skinny\">\n<p><strong>Iran<\/strong><\/p>\n<\/div><div class=\"wysiwyg__content--skinny\">\n<p>The Iran MS Society organised a <a href=\"https:\/\/www.instagram.com\/p\/DKQ8xiAIDmt\/?img_index=1\">joyful cycling event<\/a> in the Bustan province. Participants wore orange scarves around their necks whilst cycling in support of the MS community. \u00a0<\/p>\n<\/div><div class=\"wp-block-image\">\n<figure class=\"aligncenter size-large\"><img loading=\"lazy\" decoding=\"async\" width=\"634\" height=\"600\" src=\"https:\/\/worldmsday.org\/wp-content\/themes\/worldmsday\/assets\/images\/placeholder.svg\" alt=\"\" class=\"wp-image-38133 lazyload\" sizes=\"auto, (max-width: 634px) 100vw, 634px\" data-src=\"https:\/\/worldmsday.org\/wp-content\/uploads\/2025\/07\/iran-ms-society-634x600.png\" data-srcset=\"https:\/\/worldmsday.org\/wp-content\/uploads\/2025\/07\/iran-ms-society-634x600.png 634w, https:\/\/worldmsday.org\/wp-content\/uploads\/2025\/07\/iran-ms-society-600x568.png 600w, https:\/\/worldmsday.org\/wp-content\/uploads\/2025\/07\/iran-ms-society-768x727.png 768w, https:\/\/worldmsday.org\/wp-content\/uploads\/2025\/07\/iran-ms-society.png 892w\"><noscript><img loading=\"lazy\" decoding=\"async\" width=\"634\" height=\"600\" src=\"https:\/\/worldmsday.org\/wp-content\/uploads\/2025\/07\/iran-ms-society-634x600.png\" alt=\"\" class=\"wp-image-38133 lazyload\" sizes=\"auto, (max-width: 634px) 100vw, 634px\" srcset=\"https:\/\/worldmsday.org\/wp-content\/uploads\/2025\/07\/iran-ms-society-634x600.png 634w, https:\/\/worldmsday.org\/wp-content\/uploads\/2025\/07\/iran-ms-society-600x568.png 600w, https:\/\/worldmsday.org\/wp-content\/uploads\/2025\/07\/iran-ms-society-768x727.png 768w, https:\/\/worldmsday.org\/wp-content\/uploads\/2025\/07\/iran-ms-society.png 892w\"><\/noscript><figcaption class=\"wp-element-caption\">Image by The Iran MS Society.<\/figcaption><\/figure>\n<\/div><div class=\"wysiwyg__content--skinny\">\n<p><strong>Namibia<\/strong><\/p>\n<\/div><div class=\"wysiwyg__content--skinny\">\n<p>MS Namibia ran their annual <a href=\"https:\/\/www.facebook.com\/events\/avis-dam\/ms-5k-runwalk\/632604176202994\/\">5K run and walk<\/a> to raise awareness and funds for MS in the beautiful surroundings around the Avis Dam.<\/p>\n<\/div><div class=\"wysiwyg__content--skinny\">\n<p><strong>Global<\/strong><\/p>\n<\/div><div class=\"wysiwyg__content--skinny\">\n<p>Over 10,000 participants from 50 different countries took part in <a href=\"https:\/\/www.themay50k.com\/\">The May 50K &#8211; a global fitnes<\/a>s and fundraising challenge to walk, roll, or run 50KM for MS. MSIF delivered The May 50k in collaboration with national MS organisations in Germany (DMSG), the MS Society UK, MS Ireland, Multiple Sclerosis South Africa (MSSA), and Stichting MS Research in the Netherlands. \u00a3905K has been raised to support both national initiatives and efforts to accelerate research and improve access to life-changing treatments to those affected by MS.<\/p>\n<\/div><div class=\"wp-block-image\">\n<figure class=\"aligncenter size-large\"><img loading=\"lazy\" decoding=\"async\" width=\"1067\" height=\"600\" src=\"https:\/\/worldmsday.org\/wp-content\/themes\/worldmsday\/assets\/images\/placeholder.svg\" alt=\"\" class=\"wp-image-38128 lazyload\" sizes=\"auto, (max-width: 1067px) 100vw, 1067px\" data-src=\"https:\/\/worldmsday.org\/wp-content\/uploads\/2025\/07\/May-50k-1067x600.jpg\" data-srcset=\"https:\/\/worldmsday.org\/wp-content\/uploads\/2025\/07\/May-50k-1067x600.jpg 1067w, https:\/\/worldmsday.org\/wp-content\/uploads\/2025\/07\/May-50k-600x338.jpg 600w, https:\/\/worldmsday.org\/wp-content\/uploads\/2025\/07\/May-50k-768x432.jpg 768w, https:\/\/worldmsday.org\/wp-content\/uploads\/2025\/07\/May-50k-1536x864.jpg 1536w, https:\/\/worldmsday.org\/wp-content\/uploads\/2025\/07\/May-50k.jpg 1920w\"><noscript><img loading=\"lazy\" decoding=\"async\" width=\"1067\" height=\"600\" src=\"https:\/\/worldmsday.org\/wp-content\/uploads\/2025\/07\/May-50k-1067x600.jpg\" alt=\"\" class=\"wp-image-38128 lazyload\" sizes=\"auto, (max-width: 1067px) 100vw, 1067px\" srcset=\"https:\/\/worldmsday.org\/wp-content\/uploads\/2025\/07\/May-50k-1067x600.jpg 1067w, https:\/\/worldmsday.org\/wp-content\/uploads\/2025\/07\/May-50k-600x338.jpg 600w, https:\/\/worldmsday.org\/wp-content\/uploads\/2025\/07\/May-50k-768x432.jpg 768w, https:\/\/worldmsday.org\/wp-content\/uploads\/2025\/07\/May-50k-1536x864.jpg 1536w, https:\/\/worldmsday.org\/wp-content\/uploads\/2025\/07\/May-50k.jpg 1920w\"><\/noscript><\/figure>\n<\/div><div class=\"wysiwyg__content--skinny\">\n<p><strong>Ireland<br\/><\/strong>MS Ireland brought the local community together with a vibrant series of events and challenges, Supporters across the country joined the <a href=\"https:\/\/www.ms-society.ie\/news\/join-2025-dip-day-may-ms\"><em>\u201cTake a Dip\u201d<\/em> challenge<\/a> \u2014 plunging into seas, lakes, and even cold showers to represent the 10,000 people living with MS in Ireland. There were heartwarming coffee mornings, vintage car shows and a national webinar exploring personal diagnosis stories.<\/p>\n<\/div><div class=\"wp-block-image\">\n<figure class=\"aligncenter size-large\"><img loading=\"lazy\" decoding=\"async\" width=\"600\" height=\"600\" src=\"https:\/\/worldmsday.org\/wp-content\/themes\/worldmsday\/assets\/images\/placeholder.svg\" alt=\"\" class=\"wp-image-38123 lazyload\" sizes=\"auto, (max-width: 600px) 100vw, 600px\" data-src=\"https:\/\/worldmsday.org\/wp-content\/uploads\/2025\/07\/Dip-for-diagnosis-ireland-600x600.jpg\" data-srcset=\"https:\/\/worldmsday.org\/wp-content\/uploads\/2025\/07\/Dip-for-diagnosis-ireland-600x600.jpg 600w, https:\/\/worldmsday.org\/wp-content\/uploads\/2025\/07\/Dip-for-diagnosis-ireland-240x240.jpg 240w, https:\/\/worldmsday.org\/wp-content\/uploads\/2025\/07\/Dip-for-diagnosis-ireland-768x768.jpg 768w, https:\/\/worldmsday.org\/wp-content\/uploads\/2025\/07\/Dip-for-diagnosis-ireland-150x150.jpg 150w, https:\/\/worldmsday.org\/wp-content\/uploads\/2025\/07\/Dip-for-diagnosis-ireland.jpg 1536w\"><noscript><img loading=\"lazy\" decoding=\"async\" width=\"600\" height=\"600\" src=\"https:\/\/worldmsday.org\/wp-content\/uploads\/2025\/07\/Dip-for-diagnosis-ireland-600x600.jpg\" alt=\"\" class=\"wp-image-38123 lazyload\" sizes=\"auto, (max-width: 600px) 100vw, 600px\" srcset=\"https:\/\/worldmsday.org\/wp-content\/uploads\/2025\/07\/Dip-for-diagnosis-ireland-600x600.jpg 600w, https:\/\/worldmsday.org\/wp-content\/uploads\/2025\/07\/Dip-for-diagnosis-ireland-240x240.jpg 240w, https:\/\/worldmsday.org\/wp-content\/uploads\/2025\/07\/Dip-for-diagnosis-ireland-768x768.jpg 768w, https:\/\/worldmsday.org\/wp-content\/uploads\/2025\/07\/Dip-for-diagnosis-ireland-150x150.jpg 150w, https:\/\/worldmsday.org\/wp-content\/uploads\/2025\/07\/Dip-for-diagnosis-ireland.jpg 1536w\"><\/noscript><figcaption class=\"wp-element-caption\">Image by MS Ireland.<\/figcaption><\/figure>\n<\/div><div class=\"wysiwyg__content--skinny\">\n<p><strong>Slovakia<\/strong><br\/>The Zdru\u017eenie sclerosis multiplex N\u00e1dej ran a <a href=\"https:\/\/www.facebook.com\/nadej.sm\/posts\/pfbid026mtWZxYNszdgSFha6T91eco9HdHDvqXGEMMUKWWaBk9sn8PUJTbT4xXFp8G4sqypl\">cycling event<\/a> to raise MS awareness and promote early diagnosis. The event ran across, with participants cycling from the High Tatras to the Danube River. A physical challenge, as well as a platform for education and community building.<\/p>\n<\/div><div class=\"wp-block-image\">\n<figure class=\"aligncenter size-large\"><img loading=\"lazy\" decoding=\"async\" width=\"898\" height=\"600\" src=\"https:\/\/worldmsday.org\/wp-content\/themes\/worldmsday\/assets\/images\/placeholder.svg\" alt=\"\" class=\"wp-image-38143 lazyload\" sizes=\"auto, (max-width: 898px) 100vw, 898px\" data-src=\"https:\/\/worldmsday.org\/wp-content\/uploads\/2025\/07\/Slovakia-898x600.jpg\" data-srcset=\"https:\/\/worldmsday.org\/wp-content\/uploads\/2025\/07\/Slovakia-898x600.jpg 898w, https:\/\/worldmsday.org\/wp-content\/uploads\/2025\/07\/Slovakia-600x401.jpg 600w, https:\/\/worldmsday.org\/wp-content\/uploads\/2025\/07\/Slovakia-768x513.jpg 768w, https:\/\/worldmsday.org\/wp-content\/uploads\/2025\/07\/Slovakia-1536x1026.jpg 1536w, https:\/\/worldmsday.org\/wp-content\/uploads\/2025\/07\/Slovakia.jpg 2048w\"><noscript><img loading=\"lazy\" decoding=\"async\" width=\"898\" height=\"600\" src=\"https:\/\/worldmsday.org\/wp-content\/uploads\/2025\/07\/Slovakia-898x600.jpg\" alt=\"\" class=\"wp-image-38143 lazyload\" sizes=\"auto, (max-width: 898px) 100vw, 898px\" srcset=\"https:\/\/worldmsday.org\/wp-content\/uploads\/2025\/07\/Slovakia-898x600.jpg 898w, https:\/\/worldmsday.org\/wp-content\/uploads\/2025\/07\/Slovakia-600x401.jpg 600w, https:\/\/worldmsday.org\/wp-content\/uploads\/2025\/07\/Slovakia-768x513.jpg 768w, https:\/\/worldmsday.org\/wp-content\/uploads\/2025\/07\/Slovakia-1536x1026.jpg 1536w, https:\/\/worldmsday.org\/wp-content\/uploads\/2025\/07\/Slovakia.jpg 2048w\"><\/noscript><figcaption class=\"wp-element-caption\">Image by The Zdru\u017eenie sclerosis multiplex N\u00e1dej<\/figcaption><\/figure>\n<\/div><div class=\"wysiwyg__content--skinny\">\n<p><strong>Botswana<br\/><\/strong>The <a href=\"https:\/\/www.facebook.com\/permalink.php?story_fbid=pfbid02Ks7vSKJBwf4CoGb6YeqCn9rQCj5RkY8GNcvQDT5YYrQqzMC4hUZLrgYd95J5Vfzql&amp;id=61557576252418\">Myelin Foundation Botswana<\/a> organized a 10km walk followed by health talks and a video screening to raise awareness about MS.<\/p>\n<\/div><div class=\"wp-block-image\">\n<figure class=\"aligncenter size-large\"><img loading=\"lazy\" decoding=\"async\" width=\"900\" height=\"600\" src=\"https:\/\/worldmsday.org\/wp-content\/themes\/worldmsday\/assets\/images\/placeholder.svg\" alt=\"\" class=\"wp-image-38167 lazyload\" sizes=\"auto, (max-width: 900px) 100vw, 900px\" data-src=\"https:\/\/worldmsday.org\/wp-content\/uploads\/2025\/07\/Botswana-900x600.jpg\" data-srcset=\"https:\/\/worldmsday.org\/wp-content\/uploads\/2025\/07\/Botswana-900x600.jpg 900w, https:\/\/worldmsday.org\/wp-content\/uploads\/2025\/07\/Botswana-600x400.jpg 600w, https:\/\/worldmsday.org\/wp-content\/uploads\/2025\/07\/Botswana-768x512.jpg 768w, https:\/\/worldmsday.org\/wp-content\/uploads\/2025\/07\/Botswana.jpg 1080w\"><noscript><img loading=\"lazy\" decoding=\"async\" width=\"900\" height=\"600\" src=\"https:\/\/worldmsday.org\/wp-content\/uploads\/2025\/07\/Botswana-900x600.jpg\" alt=\"\" class=\"wp-image-38167 lazyload\" sizes=\"auto, (max-width: 900px) 100vw, 900px\" srcset=\"https:\/\/worldmsday.org\/wp-content\/uploads\/2025\/07\/Botswana-900x600.jpg 900w, https:\/\/worldmsday.org\/wp-content\/uploads\/2025\/07\/Botswana-600x400.jpg 600w, https:\/\/worldmsday.org\/wp-content\/uploads\/2025\/07\/Botswana-768x512.jpg 768w, https:\/\/worldmsday.org\/wp-content\/uploads\/2025\/07\/Botswana.jpg 1080w\"><\/noscript><figcaption class=\"wp-element-caption\">Image by The Myelin Foundation Botswana.<\/figcaption><\/figure>\n<\/div><div class=\"wysiwyg__content--skinny\">\n<p><strong>Croatia<br\/><\/strong>MS Team Croatia led the national \u2018Every Step Counts\u2019 campaign under the slogan <a href=\"https:\/\/mstim.hr\/svaki-korak-se-broji-u-tjednu-hodanja-od-24-30-05-broji-korake-i-hodaj-za-one-koji-ne-mogu\/\"><em>Walk for Those Who Can\u2019t<\/em>.<\/a> 14 cities across the country hosted MS Walks from May 26\u201330, culminating in a vibrant flagship event at Lake Bundek in Zagreb. The nationwide effort united communities in support of people living with MS and sent a strong message of solidarity.<\/p>\n<\/div><div class=\"wp-block-image\">\n<figure class=\"aligncenter size-large\"><img loading=\"lazy\" decoding=\"async\" width=\"816\" height=\"600\" src=\"https:\/\/worldmsday.org\/wp-content\/themes\/worldmsday\/assets\/images\/placeholder.svg\" alt=\"\" class=\"wp-image-38138 lazyload\" sizes=\"auto, (max-width: 816px) 100vw, 816px\" data-src=\"https:\/\/worldmsday.org\/wp-content\/uploads\/2025\/07\/Croatia-816x600.png\" data-srcset=\"https:\/\/worldmsday.org\/wp-content\/uploads\/2025\/07\/Croatia-816x600.png 816w, https:\/\/worldmsday.org\/wp-content\/uploads\/2025\/07\/Croatia-600x441.png 600w, https:\/\/worldmsday.org\/wp-content\/uploads\/2025\/07\/Croatia-768x565.png 768w, https:\/\/worldmsday.org\/wp-content\/uploads\/2025\/07\/Croatia.png 1248w\"><noscript><img loading=\"lazy\" decoding=\"async\" width=\"816\" height=\"600\" src=\"https:\/\/worldmsday.org\/wp-content\/uploads\/2025\/07\/Croatia-816x600.png\" alt=\"\" class=\"wp-image-38138 lazyload\" sizes=\"auto, (max-width: 816px) 100vw, 816px\" srcset=\"https:\/\/worldmsday.org\/wp-content\/uploads\/2025\/07\/Croatia-816x600.png 816w, https:\/\/worldmsday.org\/wp-content\/uploads\/2025\/07\/Croatia-600x441.png 600w, https:\/\/worldmsday.org\/wp-content\/uploads\/2025\/07\/Croatia-768x565.png 768w, https:\/\/worldmsday.org\/wp-content\/uploads\/2025\/07\/Croatia.png 1248w\"><\/noscript><figcaption class=\"wp-element-caption\">Image by MS Team Croatia<\/figcaption><\/figure>\n<\/div><div class=\"wysiwyg__content--skinny\">\n<p><strong>Global<\/strong><\/p>\n<\/div><div class=\"wysiwyg__content--skinny\">\n<p>The MS Heart is a symbol of solidarity for everyone affected by MS. The\u00a0<a href=\"https:\/\/worldmsday.org\/ms-heart-challenge\/\">MS Heart Challenge<\/a> invites World MS Day supporters to share photos of MS hearts somewhere special. The global MS community delivered! From religious temples, to calming forests and city monuments \u2013 MS hearts were added to the <a href=\"https:\/\/worldmsday.org\/map\/\">map<\/a> from 33 countries across the world.<\/p>\n<\/div><div class=\"wysiwyg__content--skinny\">\n<h2 class=\"wp-block-heading\" id=\"Getting-Creative\"><strong>Getting creative<\/strong><\/h2>\n<\/div><div class=\"wysiwyg__content--skinny\">\n<p><strong>India<\/strong><\/p>\n<\/div><div class=\"wysiwyg__content--skinny\">\n<p>MSSI\u2019s National Youth Wing hosted a <a href=\"https:\/\/www.mssocietyindia.org\/2025\/04\/26\/zines-crafting-stories-creating-change\/\">creative online zine-making<\/a> workshop inspired by the theme. People with MS and caregivers blended art, poetry, and personal stories &#8211; to express their diagnosis journeys. The session highlighted self-expression as a tool for healing, advocacy, and connection within the MS community.<\/p>\n<\/div><div class=\"wysiwyg__content--skinny\">\n<p><strong>Czech Republic<\/strong><br\/><a href=\"https:\/\/www.facebook.com\/profile.php?id=100078873645468\">Unie ROSKA<\/a> hosted a lively awareness event featuring yoga, eye screenings, children\u2019s art, and tours at B\u0159evnov Monastery. The event showcased creative works by people with MS and provided opportunities to learn more about life with MS.<\/p>\n<\/div><div class=\"wp-block-image\">\n<figure class=\"aligncenter size-large is-resized\"><img loading=\"lazy\" decoding=\"async\" width=\"900\" height=\"600\" src=\"https:\/\/worldmsday.org\/wp-content\/themes\/worldmsday\/assets\/images\/placeholder.svg\" alt=\"\" class=\"wp-image-38098 lazyload\" style=\"width:750px;height:auto\" sizes=\"auto, (max-width: 900px) 100vw, 900px\" data-src=\"https:\/\/worldmsday.org\/wp-content\/uploads\/2025\/07\/Unie-roska-hearts-900x600.jpg\" data-srcset=\"https:\/\/worldmsday.org\/wp-content\/uploads\/2025\/07\/Unie-roska-hearts-900x600.jpg 900w, https:\/\/worldmsday.org\/wp-content\/uploads\/2025\/07\/Unie-roska-hearts-600x400.jpg 600w, https:\/\/worldmsday.org\/wp-content\/uploads\/2025\/07\/Unie-roska-hearts-768x512.jpg 768w, https:\/\/worldmsday.org\/wp-content\/uploads\/2025\/07\/Unie-roska-hearts-1536x1024.jpg 1536w, https:\/\/worldmsday.org\/wp-content\/uploads\/2025\/07\/Unie-roska-hearts-2048x1365.jpg 2048w\"><noscript><img loading=\"lazy\" decoding=\"async\" width=\"900\" height=\"600\" src=\"https:\/\/worldmsday.org\/wp-content\/uploads\/2025\/07\/Unie-roska-hearts-900x600.jpg\" alt=\"\" class=\"wp-image-38098 lazyload\" style=\"width:750px;height:auto\" sizes=\"auto, (max-width: 900px) 100vw, 900px\" srcset=\"https:\/\/worldmsday.org\/wp-content\/uploads\/2025\/07\/Unie-roska-hearts-900x600.jpg 900w, https:\/\/worldmsday.org\/wp-content\/uploads\/2025\/07\/Unie-roska-hearts-600x400.jpg 600w, https:\/\/worldmsday.org\/wp-content\/uploads\/2025\/07\/Unie-roska-hearts-768x512.jpg 768w, https:\/\/worldmsday.org\/wp-content\/uploads\/2025\/07\/Unie-roska-hearts-1536x1024.jpg 1536w, https:\/\/worldmsday.org\/wp-content\/uploads\/2025\/07\/Unie-roska-hearts-2048x1365.jpg 2048w\"><\/noscript><figcaption class=\"wp-element-caption\">Image by the Association of Multiple Sclerosis Societies of Croatia.<\/figcaption><\/figure>\n<\/div><div class=\"wysiwyg__content--skinny\">\n<p><strong>Croatia<\/strong><\/p>\n<\/div><div class=\"wysiwyg__content--skinny\">\n<p>The <a href=\"https:\/\/www.facebook.com\/sdmshmultiplaskleroza\/posts\/pfbid0Ym6egxu4uDAXHiHtM2gChyXtcio2G4zxKt4eudDufN6bYN9AoErb1KoKYomwUB3ql\">Association of Multiple Sclerosis Societies of Croatia<\/a> held 18 screenings of G35, a short film about MS. The film screenings were followed by expert panel discussions to share knowledge and raise awareness about MS. The slogan for the association\u2019s campaign this year was \u2018I Am More Than MS: Small Victories, Big Stories\u2019.<\/p>\n<\/div><div class=\"wp-block-image\">\n<figure class=\"aligncenter size-large\"><img loading=\"lazy\" decoding=\"async\" width=\"800\" height=\"600\" src=\"https:\/\/worldmsday.org\/wp-content\/themes\/worldmsday\/assets\/images\/placeholder.svg\" alt=\"\" class=\"wp-image-38103 lazyload\" sizes=\"auto, (max-width: 800px) 100vw, 800px\" data-src=\"https:\/\/worldmsday.org\/wp-content\/uploads\/2025\/07\/Croatia-film-screening-800x600.jpg\" data-srcset=\"https:\/\/worldmsday.org\/wp-content\/uploads\/2025\/07\/Croatia-film-screening-800x600.jpg 800w, https:\/\/worldmsday.org\/wp-content\/uploads\/2025\/07\/Croatia-film-screening-600x450.jpg 600w, https:\/\/worldmsday.org\/wp-content\/uploads\/2025\/07\/Croatia-film-screening-768x576.jpg 768w, https:\/\/worldmsday.org\/wp-content\/uploads\/2025\/07\/Croatia-film-screening.jpg 1024w\"><noscript><img loading=\"lazy\" decoding=\"async\" width=\"800\" height=\"600\" src=\"https:\/\/worldmsday.org\/wp-content\/uploads\/2025\/07\/Croatia-film-screening-800x600.jpg\" alt=\"\" class=\"wp-image-38103 lazyload\" sizes=\"auto, (max-width: 800px) 100vw, 800px\" srcset=\"https:\/\/worldmsday.org\/wp-content\/uploads\/2025\/07\/Croatia-film-screening-800x600.jpg 800w, https:\/\/worldmsday.org\/wp-content\/uploads\/2025\/07\/Croatia-film-screening-600x450.jpg 600w, https:\/\/worldmsday.org\/wp-content\/uploads\/2025\/07\/Croatia-film-screening-768x576.jpg 768w, https:\/\/worldmsday.org\/wp-content\/uploads\/2025\/07\/Croatia-film-screening.jpg 1024w\"><\/noscript><figcaption class=\"wp-element-caption\">Image by the Association of Multiple Sclerosis Societies of Croatia.<\/figcaption><\/figure>\n<\/div><div class=\"wysiwyg__content--skinny\">\n<p><strong>Peru<\/strong><br\/><a href=\"https:\/\/www.facebook.com\/AsociacionESMUP\/posts\/pfbid02CeQW9sofY1fbrnEwf8R9RMKGNXewfLJuhVWjKTLkJfwHBwWcZWdfwCBFFouQGMLRl\">ESMUP <\/a>brought the MS community together to showcase artwork created in their workshops. This vibrant exhibition raised awareness about the invisible impact of MS, highlighting creativity as a powerful tool for connection and advocacy.<\/p>\n<\/div><div class=\"wysiwyg__content--skinny\">\n<h2 class=\"wp-block-heading\" id=\"Lighting-up-the-World\">L<strong>ighting up the World<\/strong><\/h2>\n<\/div>\n<figure class=\"wp-block-gallery has-nested-images columns-default is-cropped wp-block-gallery-1 is-layout-flex wp-block-gallery-is-layout-flex\">\n<figure class=\"wp-block-image size-large\"><img loading=\"lazy\" decoding=\"async\" width=\"464\" height=\"600\" data-id=\"38043\" src=\"https:\/\/worldmsday.org\/wp-content\/themes\/worldmsday\/assets\/images\/placeholder.svg\" alt=\"\" class=\"wp-image-38043 lazyload\" sizes=\"auto, (max-width: 464px) 100vw, 464px\" data-src=\"https:\/\/worldmsday.org\/wp-content\/uploads\/2025\/07\/Torre-Guatemala-464x600.png\" data-srcset=\"https:\/\/worldmsday.org\/wp-content\/uploads\/2025\/07\/Torre-Guatemala-464x600.png 464w, https:\/\/worldmsday.org\/wp-content\/uploads\/2025\/07\/Torre-Guatemala.png 667w\"><noscript><img loading=\"lazy\" decoding=\"async\" width=\"464\" height=\"600\" data-id=\"38043\" src=\"https:\/\/worldmsday.org\/wp-content\/uploads\/2025\/07\/Torre-Guatemala-464x600.png\" alt=\"\" class=\"wp-image-38043 lazyload\" sizes=\"auto, (max-width: 464px) 100vw, 464px\" srcset=\"https:\/\/worldmsday.org\/wp-content\/uploads\/2025\/07\/Torre-Guatemala-464x600.png 464w, https:\/\/worldmsday.org\/wp-content\/uploads\/2025\/07\/Torre-Guatemala.png 667w\"><\/noscript><figcaption class=\"wp-element-caption\">Image by ASOGEM<\/figcaption><\/figure>\n\n\n\n<figure class=\"wp-block-image size-large\"><img loading=\"lazy\" decoding=\"async\" width=\"800\" height=\"600\" data-id=\"38028\" src=\"https:\/\/worldmsday.org\/wp-content\/themes\/worldmsday\/assets\/images\/placeholder.svg\" alt=\"\" class=\"wp-image-38028 lazyload\" sizes=\"auto, (max-width: 800px) 100vw, 800px\" data-src=\"https:\/\/worldmsday.org\/wp-content\/uploads\/2025\/07\/Moorish-castle-Sintra-800x600.jpg\" data-srcset=\"https:\/\/worldmsday.org\/wp-content\/uploads\/2025\/07\/Moorish-castle-Sintra-800x600.jpg 800w, https:\/\/worldmsday.org\/wp-content\/uploads\/2025\/07\/Moorish-castle-Sintra-600x450.jpg 600w, https:\/\/worldmsday.org\/wp-content\/uploads\/2025\/07\/Moorish-castle-Sintra-768x576.jpg 768w, https:\/\/worldmsday.org\/wp-content\/uploads\/2025\/07\/Moorish-castle-Sintra.jpg 1200w\"><noscript><img loading=\"lazy\" decoding=\"async\" width=\"800\" height=\"600\" data-id=\"38028\" src=\"https:\/\/worldmsday.org\/wp-content\/uploads\/2025\/07\/Moorish-castle-Sintra-800x600.jpg\" alt=\"\" class=\"wp-image-38028 lazyload\" sizes=\"auto, (max-width: 800px) 100vw, 800px\" srcset=\"https:\/\/worldmsday.org\/wp-content\/uploads\/2025\/07\/Moorish-castle-Sintra-800x600.jpg 800w, https:\/\/worldmsday.org\/wp-content\/uploads\/2025\/07\/Moorish-castle-Sintra-600x450.jpg 600w, https:\/\/worldmsday.org\/wp-content\/uploads\/2025\/07\/Moorish-castle-Sintra-768x576.jpg 768w, https:\/\/worldmsday.org\/wp-content\/uploads\/2025\/07\/Moorish-castle-Sintra.jpg 1200w\"><\/noscript><figcaption class=\"wp-element-caption\">Image by SPEM<\/figcaption><\/figure>\n\n\n\n<figure class=\"wp-block-image size-large\"><img loading=\"lazy\" decoding=\"async\" width=\"800\" height=\"600\" data-id=\"38038\" src=\"https:\/\/worldmsday.org\/wp-content\/themes\/worldmsday\/assets\/images\/placeholder.svg\" alt=\"\" class=\"wp-image-38038 lazyload\" sizes=\"auto, (max-width: 800px) 100vw, 800px\" data-src=\"https:\/\/worldmsday.org\/wp-content\/uploads\/2025\/07\/Palacio-de-la-Moneda-Chile-2025-800x600.jpg\" data-srcset=\"https:\/\/worldmsday.org\/wp-content\/uploads\/2025\/07\/Palacio-de-la-Moneda-Chile-2025-800x600.jpg 800w, https:\/\/worldmsday.org\/wp-content\/uploads\/2025\/07\/Palacio-de-la-Moneda-Chile-2025-600x450.jpg 600w, https:\/\/worldmsday.org\/wp-content\/uploads\/2025\/07\/Palacio-de-la-Moneda-Chile-2025-768x576.jpg 768w, https:\/\/worldmsday.org\/wp-content\/uploads\/2025\/07\/Palacio-de-la-Moneda-Chile-2025-1536x1152.jpg 1536w, https:\/\/worldmsday.org\/wp-content\/uploads\/2025\/07\/Palacio-de-la-Moneda-Chile-2025-2048x1536.jpg 2048w\"><noscript><img loading=\"lazy\" decoding=\"async\" width=\"800\" height=\"600\" data-id=\"38038\" src=\"https:\/\/worldmsday.org\/wp-content\/uploads\/2025\/07\/Palacio-de-la-Moneda-Chile-2025-800x600.jpg\" alt=\"\" class=\"wp-image-38038 lazyload\" sizes=\"auto, (max-width: 800px) 100vw, 800px\" srcset=\"https:\/\/worldmsday.org\/wp-content\/uploads\/2025\/07\/Palacio-de-la-Moneda-Chile-2025-800x600.jpg 800w, https:\/\/worldmsday.org\/wp-content\/uploads\/2025\/07\/Palacio-de-la-Moneda-Chile-2025-600x450.jpg 600w, https:\/\/worldmsday.org\/wp-content\/uploads\/2025\/07\/Palacio-de-la-Moneda-Chile-2025-768x576.jpg 768w, https:\/\/worldmsday.org\/wp-content\/uploads\/2025\/07\/Palacio-de-la-Moneda-Chile-2025-1536x1152.jpg 1536w, https:\/\/worldmsday.org\/wp-content\/uploads\/2025\/07\/Palacio-de-la-Moneda-Chile-2025-2048x1536.jpg 2048w\"><\/noscript><figcaption class=\"wp-element-caption\">Image by CorpEM Chile<\/figcaption><\/figure>\n<\/figure>\n<div class=\"wysiwyg__content--skinny\">\n<p>As the sun set on World MS Day 2025, landmarks across the world shone bright in solidarity &#8211; from <a href=\"https:\/\/www.instagram.com\/p\/DKRdHkHp0p3\/\">Denmark\u2019s Green Belt Bridge<\/a> to <a href=\"https:\/\/www.facebook.com\/MSSocietySANT\/posts\/pfbid02hW8gc9aFqHn5mPVgt8KMizZU3qJKz97y3ZFJYpPU8KXZ4DbFqKHpJ6yx9Acc69xcl\">Parliament House<\/a> in Adelaide Australia. Even castles joined the cause! The historic walls of <a href=\"https:\/\/www.ms-society.ie\/news\/buildings-across-ireland-light-world-ms-day\">Dublin Castle<\/a>, the <a href=\"https:\/\/www.facebook.com\/ComuneTivoliOfficialPage\/posts\/pfbid02o7c6LgLtRpqZih3JawCjgXiAyHZXAfWgu99dgJ3Xjud4FkB1r1zPDzcNuQgQMcWrl\">Rocca Pia<\/a> castle in Italy, and the majestic <a href=\"https:\/\/www.facebook.com\/SPEMPortugal\/posts\/pfbid02C7puXtqfkWxamYw1JtTc9VKm4kQFoB5vBtKtVS3MpPKanWPtA1EadympGzzHsXQBl\">Castelo dos Mouros<\/a> in Portugal blazed like beacons of hope. In Latin America, the eighth annual <em>#IluminEMosLatinoamerica<\/em> campaign united countries in lighting up key sites across the region, including the <a href=\"https:\/\/www.instagram.com\/p\/DKNEeshtnWx\/\">Palacio de la Moneda in Chile<\/a> and the <a href=\"https:\/\/www.instagram.com\/p\/DKhQjEtMbK2\/?img_index=1\">Torre del Reformador in Guatemala<\/a>.\u00a0<\/p>\n<\/div><div class=\"wysiwyg__content--skinny\">\n<h2 class=\"wp-block-heading\" id=\"Sharing-MS-Diagnosis-Stories\"><strong>Sharing MS Diagnosis Stories<\/strong><\/h2>\n<\/div><div class=\"wysiwyg__content--skinny\">\n<p>Diagnosis stories were at the heart of World MS Day 2025. Real experiences were shared to raise awareness, highlight challenges, and support others. People living with MS across the globe added their diagnosis stories to the <a href=\"https:\/\/worldmsday.org\/map\/\">World MS Day map<\/a> and beyond. <\/p>\n<\/div><div class=\"wysiwyg__content--skinny\">\n<p><strong>Dominican Republic<\/strong><br\/>Renacer hosted a <a href=\"https:\/\/www.instagram.com\/esclerosismultiplerd\/\">World MS Day event<\/a> focused on life after diagnosis. Patients shared their personal journeys, showing how they continue to pursue their dreams despite the challenges of MS.<\/p>\n<\/div><div class=\"wysiwyg__content--skinny\">\n<p><strong>Israel<\/strong><\/p>\n<\/div><div class=\"wysiwyg__content--skinny\">\n<p>The Israeli MS Society hosted an evening of short <a href=\"https:\/\/youtu.be\/GDMPJ70OiyI?feature=shared\">TED-style talks<\/a> for people affected by MS to share personal stories, expert insights, and strategies for living a full with MS.<\/p>\n<\/div><div class=\"wysiwyg__content--skinny\">\n<p><strong>United Kingdom<\/strong><\/p>\n<\/div><div class=\"wysiwyg__content--skinny\">\n<p><a href=\"https:\/\/www.facebook.com\/watch\/?v=1045879446962193\">The UK MS Society<\/a> partnered with MS together to share MS diagnosis stories. Supporters created inspiring videos sharing first symptoms and helpful tips to help others navigating an MS diagnosis.<\/p>\n<\/div><div class=\"wysiwyg__content--skinny\">\n<p><strong>Global<\/strong><\/p>\n<\/div><div class=\"wysiwyg__content--skinny\">\n<p>This year\u2019s <a href=\"https:\/\/worldmsday.org\/poster-maker\">My MS Diagnosis Poster Make<\/a>r gave people with MS a simple visual way to share their MS diagnosis journeys. The tool allowed users to create personalised posters reflecting real diagnosis experiences &#8211; from first MS symptoms to challenges faced along the way. Over 3650 posters were created, each one a powerful story to raise awareness and help others better understand what it\u2019s really like to be diagnosed with MS.<\/p>\n<\/div>\n<figure class=\"wp-block-gallery has-nested-images columns-default is-cropped wp-block-gallery-2 is-layout-flex wp-block-gallery-is-layout-flex\">\n<figure class=\"wp-block-image size-large\"><img loading=\"lazy\" decoding=\"async\" width=\"480\" height=\"600\" data-id=\"38068\" src=\"https:\/\/worldmsday.org\/wp-content\/themes\/worldmsday\/assets\/images\/placeholder.svg\" alt=\"\" class=\"wp-image-38068 lazyload\" sizes=\"auto, (max-width: 480px) 100vw, 480px\" data-src=\"https:\/\/worldmsday.org\/wp-content\/uploads\/2025\/07\/my-ms-diagnosis-poster-8-480x600.jpg\" data-srcset=\"https:\/\/worldmsday.org\/wp-content\/uploads\/2025\/07\/my-ms-diagnosis-poster-8-480x600.jpg 480w, https:\/\/worldmsday.org\/wp-content\/uploads\/2025\/07\/my-ms-diagnosis-poster-8-768x960.jpg 768w, https:\/\/worldmsday.org\/wp-content\/uploads\/2025\/07\/my-ms-diagnosis-poster-8.jpg 1080w\"><noscript><img loading=\"lazy\" decoding=\"async\" width=\"480\" height=\"600\" data-id=\"38068\" src=\"https:\/\/worldmsday.org\/wp-content\/uploads\/2025\/07\/my-ms-diagnosis-poster-8-480x600.jpg\" alt=\"\" class=\"wp-image-38068 lazyload\" sizes=\"auto, (max-width: 480px) 100vw, 480px\" srcset=\"https:\/\/worldmsday.org\/wp-content\/uploads\/2025\/07\/my-ms-diagnosis-poster-8-480x600.jpg 480w, https:\/\/worldmsday.org\/wp-content\/uploads\/2025\/07\/my-ms-diagnosis-poster-8-768x960.jpg 768w, https:\/\/worldmsday.org\/wp-content\/uploads\/2025\/07\/my-ms-diagnosis-poster-8.jpg 1080w\"><\/noscript><\/figure>\n\n\n\n<figure class=\"wp-block-image size-large\"><img loading=\"lazy\" decoding=\"async\" width=\"480\" height=\"600\" data-id=\"38063\" src=\"https:\/\/worldmsday.org\/wp-content\/themes\/worldmsday\/assets\/images\/placeholder.svg\" alt=\"\" class=\"wp-image-38063 lazyload\" sizes=\"auto, (max-width: 480px) 100vw, 480px\" data-src=\"https:\/\/worldmsday.org\/wp-content\/uploads\/2025\/07\/my-ms-diagnosis-poster-6-480x600.jpg\" data-srcset=\"https:\/\/worldmsday.org\/wp-content\/uploads\/2025\/07\/my-ms-diagnosis-poster-6-480x600.jpg 480w, https:\/\/worldmsday.org\/wp-content\/uploads\/2025\/07\/my-ms-diagnosis-poster-6-768x960.jpg 768w, https:\/\/worldmsday.org\/wp-content\/uploads\/2025\/07\/my-ms-diagnosis-poster-6.jpg 1080w\"><noscript><img loading=\"lazy\" decoding=\"async\" width=\"480\" height=\"600\" data-id=\"38063\" src=\"https:\/\/worldmsday.org\/wp-content\/uploads\/2025\/07\/my-ms-diagnosis-poster-6-480x600.jpg\" alt=\"\" class=\"wp-image-38063 lazyload\" sizes=\"auto, (max-width: 480px) 100vw, 480px\" srcset=\"https:\/\/worldmsday.org\/wp-content\/uploads\/2025\/07\/my-ms-diagnosis-poster-6-480x600.jpg 480w, https:\/\/worldmsday.org\/wp-content\/uploads\/2025\/07\/my-ms-diagnosis-poster-6-768x960.jpg 768w, https:\/\/worldmsday.org\/wp-content\/uploads\/2025\/07\/my-ms-diagnosis-poster-6.jpg 1080w\"><\/noscript><\/figure>\n\n\n\n<figure class=\"wp-block-image size-large\"><img loading=\"lazy\" decoding=\"async\" width=\"480\" height=\"600\" data-id=\"38093\" src=\"https:\/\/worldmsday.org\/wp-content\/themes\/worldmsday\/assets\/images\/placeholder.svg\" alt=\"\" class=\"wp-image-38093 lazyload\" sizes=\"auto, (max-width: 480px) 100vw, 480px\" data-src=\"https:\/\/worldmsday.org\/wp-content\/uploads\/2025\/07\/my-ms-diagnosis-poster-7-480x600.jpg\" data-srcset=\"https:\/\/worldmsday.org\/wp-content\/uploads\/2025\/07\/my-ms-diagnosis-poster-7-480x600.jpg 480w, https:\/\/worldmsday.org\/wp-content\/uploads\/2025\/07\/my-ms-diagnosis-poster-7-768x960.jpg 768w, https:\/\/worldmsday.org\/wp-content\/uploads\/2025\/07\/my-ms-diagnosis-poster-7.jpg 1080w\"><noscript><img loading=\"lazy\" decoding=\"async\" width=\"480\" height=\"600\" data-id=\"38093\" src=\"https:\/\/worldmsday.org\/wp-content\/uploads\/2025\/07\/my-ms-diagnosis-poster-7-480x600.jpg\" alt=\"\" class=\"wp-image-38093 lazyload\" sizes=\"auto, (max-width: 480px) 100vw, 480px\" srcset=\"https:\/\/worldmsday.org\/wp-content\/uploads\/2025\/07\/my-ms-diagnosis-poster-7-480x600.jpg 480w, https:\/\/worldmsday.org\/wp-content\/uploads\/2025\/07\/my-ms-diagnosis-poster-7-768x960.jpg 768w, https:\/\/worldmsday.org\/wp-content\/uploads\/2025\/07\/my-ms-diagnosis-poster-7.jpg 1080w\"><\/noscript><\/figure>\n<\/figure>\n<div class=\"wysiwyg__content--skinny\">\n<p><strong>This is just a snapshot of the fantastic events that took place. You can help us capture more highlights by emailing us at\u00a0<\/strong><a href=\"mailto:worldmsday@msif.org\"><strong>worldmsday@msif.org<\/strong><\/a><\/p>\n<\/div><div class=\"wysiwyg__content--skinny\">\n<p><\/p>\n<\/div>","protected":false},"excerpt":{"rendered":"<p>World MS Day 2025 was inspiring! The global MS community came together with power and purpose &#8211; organising creative events, raising awareness and illuminating cities for MS. Together we advocated for early and accurate MS diagnosis by lobbying governments, sharing real experiences and knowledge. Here are just some of this year\u2019s incredible highlights. Advocacy Activities [&hellip;]<\/p>\n","protected":false},"author":40,"featured_media":38142,"comment_status":"closed","ping_status":"closed","sticky":false,"template":"","format":"standard","meta":{"_acf_changed":false,"footnotes":""},"categories":[1355],"tags":[],"class_list":["post-38203","post","type-post","status-publish","format-standard","has-post-thumbnail","hentry","category-my-ms-diagnosis-campaign-es"],"acf":[],"yoast_head":"<!-- This site is optimized with the Yoast SEO plugin v27.5 - https:\/\/yoast.com\/product\/yoast-seo-wordpress\/ -->\n<title>2025 Campaign Highlights - D\u00eda Mundial de la EM<\/title>\n<meta name=\"robots\" content=\"index, follow, max-snippet:-1, max-image-preview:large, max-video-preview:-1\" \/>\n<link rel=\"canonical\" href=\"https:\/\/worldmsday.org\/es\/2025-campaign-highlights\/\" \/>\n<meta property=\"og:locale\" content=\"es_ES\" \/>\n<meta property=\"og:type\" content=\"article\" \/>\n<meta property=\"og:title\" content=\"2025 Campaign Highlights - D\u00eda Mundial de la EM\" \/>\n<meta property=\"og:description\" content=\"World MS Day 2025 was inspiring! The global MS community came together with power and purpose &#8211; organising creative events, raising awareness and illuminating cities for MS. Together we advocated for early and accurate MS diagnosis by lobbying governments, sharing real experiences and knowledge. Here are just some of this year\u2019s incredible highlights. Advocacy Activities [&hellip;]\" \/>\n<meta property=\"og:url\" content=\"https:\/\/worldmsday.org\/es\/2025-campaign-highlights\/\" \/>\n<meta property=\"og:site_name\" content=\"D\u00eda Mundial de la EM\" \/>\n<meta property=\"article:publisher\" content=\"https:\/\/www.facebook.com\/worldmsday\" \/>\n<meta property=\"article:published_time\" content=\"2025-07-16T14:10:37+00:00\" \/>\n<meta property=\"article:modified_time\" content=\"2026-04-08T15:29:06+00:00\" \/>\n<meta property=\"og:image\" content=\"https:\/\/worldmsday.org\/wp-content\/uploads\/2025\/07\/Croatia-816x600.png\" \/>\n\t<meta property=\"og:image:width\" content=\"816\" \/>\n\t<meta property=\"og:image:height\" content=\"600\" \/>\n\t<meta property=\"og:image:type\" content=\"image\/png\" \/>\n<meta name=\"author\" content=\"Sarah Dobson\" \/>\n<meta name=\"twitter:card\" content=\"summary_large_image\" \/>\n<meta name=\"twitter:creator\" content=\"@WorldMSDay\" \/>\n<meta name=\"twitter:site\" content=\"@WorldMSDay\" \/>\n<meta name=\"twitter:label1\" content=\"Escrito por\" \/>\n\t<meta name=\"twitter:data1\" content=\"Sarah Dobson\" \/>\n\t<meta name=\"twitter:label2\" content=\"Tiempo de lectura\" \/>\n\t<meta name=\"twitter:data2\" content=\"20 minutos\" \/>\n<script type=\"application\/ld+json\" class=\"yoast-schema-graph\">{\"@context\":\"https:\\\/\\\/schema.org\",\"@graph\":[{\"@type\":\"Article\",\"@id\":\"https:\\\/\\\/worldmsday.org\\\/es\\\/2025-campaign-highlights\\\/#article\",\"isPartOf\":{\"@id\":\"https:\\\/\\\/worldmsday.org\\\/es\\\/2025-campaign-highlights\\\/\"},\"author\":{\"name\":\"Sarah Dobson\",\"@id\":\"https:\\\/\\\/worldmsday.org\\\/#\\\/schema\\\/person\\\/073192210b11f1fb8d7e4b534f128480\"},\"headline\":\"2025 Campaign Highlights\",\"datePublished\":\"2025-07-16T14:10:37+00:00\",\"dateModified\":\"2026-04-08T15:29:06+00:00\",\"mainEntityOfPage\":{\"@id\":\"https:\\\/\\\/worldmsday.org\\\/es\\\/2025-campaign-highlights\\\/\"},\"wordCount\":2857,\"image\":{\"@id\":\"https:\\\/\\\/worldmsday.org\\\/es\\\/2025-campaign-highlights\\\/#primaryimage\"},\"thumbnailUrl\":\"https:\\\/\\\/worldmsday.org\\\/wp-content\\\/uploads\\\/2025\\\/07\\\/Croatia.png\",\"articleSection\":[\"My MS Diagnosis Campaign\"],\"inLanguage\":\"es\"},{\"@type\":\"WebPage\",\"@id\":\"https:\\\/\\\/worldmsday.org\\\/es\\\/2025-campaign-highlights\\\/\",\"url\":\"https:\\\/\\\/worldmsday.org\\\/es\\\/2025-campaign-highlights\\\/\",\"name\":\"2025 Campaign Highlights - D\u00eda Mundial de la EM\",\"isPartOf\":{\"@id\":\"https:\\\/\\\/worldmsday.org\\\/#website\"},\"primaryImageOfPage\":{\"@id\":\"https:\\\/\\\/worldmsday.org\\\/es\\\/2025-campaign-highlights\\\/#primaryimage\"},\"image\":{\"@id\":\"https:\\\/\\\/worldmsday.org\\\/es\\\/2025-campaign-highlights\\\/#primaryimage\"},\"thumbnailUrl\":\"https:\\\/\\\/worldmsday.org\\\/wp-content\\\/uploads\\\/2025\\\/07\\\/Croatia.png\",\"datePublished\":\"2025-07-16T14:10:37+00:00\",\"dateModified\":\"2026-04-08T15:29:06+00:00\",\"author\":{\"@id\":\"https:\\\/\\\/worldmsday.org\\\/#\\\/schema\\\/person\\\/073192210b11f1fb8d7e4b534f128480\"},\"breadcrumb\":{\"@id\":\"https:\\\/\\\/worldmsday.org\\\/es\\\/2025-campaign-highlights\\\/#breadcrumb\"},\"inLanguage\":\"es\",\"potentialAction\":[{\"@type\":\"ReadAction\",\"target\":[\"https:\\\/\\\/worldmsday.org\\\/es\\\/2025-campaign-highlights\\\/\"]}]},{\"@type\":\"ImageObject\",\"inLanguage\":\"es\",\"@id\":\"https:\\\/\\\/worldmsday.org\\\/es\\\/2025-campaign-highlights\\\/#primaryimage\",\"url\":\"https:\\\/\\\/worldmsday.org\\\/wp-content\\\/uploads\\\/2025\\\/07\\\/Croatia.png\",\"contentUrl\":\"https:\\\/\\\/worldmsday.org\\\/wp-content\\\/uploads\\\/2025\\\/07\\\/Croatia.png\",\"width\":1248,\"height\":918},{\"@type\":\"BreadcrumbList\",\"@id\":\"https:\\\/\\\/worldmsday.org\\\/es\\\/2025-campaign-highlights\\\/#breadcrumb\",\"itemListElement\":[{\"@type\":\"ListItem\",\"position\":1,\"name\":\"Home\",\"item\":\"https:\\\/\\\/worldmsday.org\\\/es\\\/\"},{\"@type\":\"ListItem\",\"position\":2,\"name\":\"2025 Campaign Highlights\"}]},{\"@type\":\"WebSite\",\"@id\":\"https:\\\/\\\/worldmsday.org\\\/#website\",\"url\":\"https:\\\/\\\/worldmsday.org\\\/\",\"name\":\"D\u00eda Mundial de la EM\",\"description\":\"30 de mayo de 2020\",\"potentialAction\":[{\"@type\":\"SearchAction\",\"target\":{\"@type\":\"EntryPoint\",\"urlTemplate\":\"https:\\\/\\\/worldmsday.org\\\/?s={search_term_string}\"},\"query-input\":{\"@type\":\"PropertyValueSpecification\",\"valueRequired\":true,\"valueName\":\"search_term_string\"}}],\"inLanguage\":\"es\"},{\"@type\":\"Person\",\"@id\":\"https:\\\/\\\/worldmsday.org\\\/#\\\/schema\\\/person\\\/073192210b11f1fb8d7e4b534f128480\",\"name\":\"Sarah Dobson\"}]}<\/script>\n<!-- \/ Yoast SEO plugin. -->","yoast_head_json":{"title":"2025 Campaign Highlights - D\u00eda Mundial de la EM","robots":{"index":"index","follow":"follow","max-snippet":"max-snippet:-1","max-image-preview":"max-image-preview:large","max-video-preview":"max-video-preview:-1"},"canonical":"https:\/\/worldmsday.org\/es\/2025-campaign-highlights\/","og_locale":"es_ES","og_type":"article","og_title":"2025 Campaign Highlights - D\u00eda Mundial de la EM","og_description":"World MS Day 2025 was inspiring! The global MS community came together with power and purpose &#8211; organising creative events, raising awareness and illuminating cities for MS. Together we advocated for early and accurate MS diagnosis by lobbying governments, sharing real experiences and knowledge. Here are just some of this year\u2019s incredible highlights. Advocacy Activities [&hellip;]","og_url":"https:\/\/worldmsday.org\/es\/2025-campaign-highlights\/","og_site_name":"D\u00eda Mundial de la EM","article_publisher":"https:\/\/www.facebook.com\/worldmsday","article_published_time":"2025-07-16T14:10:37+00:00","article_modified_time":"2026-04-08T15:29:06+00:00","og_image":[{"width":816,"height":600,"url":"https:\/\/worldmsday.org\/wp-content\/uploads\/2025\/07\/Croatia-816x600.png","type":"image\/png"}],"author":"Sarah Dobson","twitter_card":"summary_large_image","twitter_creator":"@WorldMSDay","twitter_site":"@WorldMSDay","twitter_misc":{"Escrito por":"Sarah Dobson","Tiempo de lectura":"20 minutos"},"schema":{"@context":"https:\/\/schema.org","@graph":[{"@type":"Article","@id":"https:\/\/worldmsday.org\/es\/2025-campaign-highlights\/#article","isPartOf":{"@id":"https:\/\/worldmsday.org\/es\/2025-campaign-highlights\/"},"author":{"name":"Sarah Dobson","@id":"https:\/\/worldmsday.org\/#\/schema\/person\/073192210b11f1fb8d7e4b534f128480"},"headline":"2025 Campaign Highlights","datePublished":"2025-07-16T14:10:37+00:00","dateModified":"2026-04-08T15:29:06+00:00","mainEntityOfPage":{"@id":"https:\/\/worldmsday.org\/es\/2025-campaign-highlights\/"},"wordCount":2857,"image":{"@id":"https:\/\/worldmsday.org\/es\/2025-campaign-highlights\/#primaryimage"},"thumbnailUrl":"https:\/\/worldmsday.org\/wp-content\/uploads\/2025\/07\/Croatia.png","articleSection":["My MS Diagnosis Campaign"],"inLanguage":"es"},{"@type":"WebPage","@id":"https:\/\/worldmsday.org\/es\/2025-campaign-highlights\/","url":"https:\/\/worldmsday.org\/es\/2025-campaign-highlights\/","name":"2025 Campaign Highlights - D\u00eda Mundial de la EM","isPartOf":{"@id":"https:\/\/worldmsday.org\/#website"},"primaryImageOfPage":{"@id":"https:\/\/worldmsday.org\/es\/2025-campaign-highlights\/#primaryimage"},"image":{"@id":"https:\/\/worldmsday.org\/es\/2025-campaign-highlights\/#primaryimage"},"thumbnailUrl":"https:\/\/worldmsday.org\/wp-content\/uploads\/2025\/07\/Croatia.png","datePublished":"2025-07-16T14:10:37+00:00","dateModified":"2026-04-08T15:29:06+00:00","author":{"@id":"https:\/\/worldmsday.org\/#\/schema\/person\/073192210b11f1fb8d7e4b534f128480"},"breadcrumb":{"@id":"https:\/\/worldmsday.org\/es\/2025-campaign-highlights\/#breadcrumb"},"inLanguage":"es","potentialAction":[{"@type":"ReadAction","target":["https:\/\/worldmsday.org\/es\/2025-campaign-highlights\/"]}]},{"@type":"ImageObject","inLanguage":"es","@id":"https:\/\/worldmsday.org\/es\/2025-campaign-highlights\/#primaryimage","url":"https:\/\/worldmsday.org\/wp-content\/uploads\/2025\/07\/Croatia.png","contentUrl":"https:\/\/worldmsday.org\/wp-content\/uploads\/2025\/07\/Croatia.png","width":1248,"height":918},{"@type":"BreadcrumbList","@id":"https:\/\/worldmsday.org\/es\/2025-campaign-highlights\/#breadcrumb","itemListElement":[{"@type":"ListItem","position":1,"name":"Home","item":"https:\/\/worldmsday.org\/es\/"},{"@type":"ListItem","position":2,"name":"2025 Campaign Highlights"}]},{"@type":"WebSite","@id":"https:\/\/worldmsday.org\/#website","url":"https:\/\/worldmsday.org\/","name":"D\u00eda Mundial de la EM","description":"30 de mayo de 2020","potentialAction":[{"@type":"SearchAction","target":{"@type":"EntryPoint","urlTemplate":"https:\/\/worldmsday.org\/?s={search_term_string}"},"query-input":{"@type":"PropertyValueSpecification","valueRequired":true,"valueName":"search_term_string"}}],"inLanguage":"es"},{"@type":"Person","@id":"https:\/\/worldmsday.org\/#\/schema\/person\/073192210b11f1fb8d7e4b534f128480","name":"Sarah Dobson"}]}},"_links":{"self":[{"href":"https:\/\/worldmsday.org\/es\/wp-json\/wp\/v2\/posts\/38203","targetHints":{"allow":["GET"]}}],"collection":[{"href":"https:\/\/worldmsday.org\/es\/wp-json\/wp\/v2\/posts"}],"about":[{"href":"https:\/\/worldmsday.org\/es\/wp-json\/wp\/v2\/types\/post"}],"author":[{"embeddable":true,"href":"https:\/\/worldmsday.org\/es\/wp-json\/wp\/v2\/users\/40"}],"replies":[{"embeddable":true,"href":"https:\/\/worldmsday.org\/es\/wp-json\/wp\/v2\/comments?post=38203"}],"version-history":[{"count":0,"href":"https:\/\/worldmsday.org\/es\/wp-json\/wp\/v2\/posts\/38203\/revisions"}],"wp:featuredmedia":[{"embeddable":true,"href":"https:\/\/worldmsday.org\/es\/wp-json\/wp\/v2\/media\/38142"}],"wp:attachment":[{"href":"https:\/\/worldmsday.org\/es\/wp-json\/wp\/v2\/media?parent=38203"}],"wp:term":[{"taxonomy":"category","embeddable":true,"href":"https:\/\/worldmsday.org\/es\/wp-json\/wp\/v2\/categories?post=38203"},{"taxonomy":"post_tag","embeddable":true,"href":"https:\/\/worldmsday.org\/es\/wp-json\/wp\/v2\/tags?post=38203"}],"curies":[{"name":"wp","href":"https:\/\/api.w.org\/{rel}","templated":true}]}}