{"id":32547,"date":"2023-05-23T13:44:00","date_gmt":"2023-05-23T12:44:00","guid":{"rendered":"https:\/\/worldmsday.org\/?p=32547"},"modified":"2023-05-23T16:49:43","modified_gmt":"2023-05-23T15:49:43","slug":"el-coro-internacional-de-la-esclerosis-multiple-vuelve-para-cantar-stand-by-me","status":"publish","type":"post","link":"https:\/\/worldmsday.org\/es\/el-coro-internacional-de-la-esclerosis-multiple-vuelve-para-cantar-stand-by-me\/","title":{"rendered":"El Coro Internacional de la Esclerosis M\u00faltiple vuelve para cantar \u201cStand by Me\u201d"},"content":{"rendered":"<div class=\"wp-block-image\">\n<figure class=\"aligncenter size-full\"><img loading=\"lazy\" decoding=\"async\" width=\"1080\" height=\"500\" src=\"https:\/\/worldmsday.org\/wp-content\/themes\/worldmsday\/assets\/images\/placeholder.svg\" alt=\"\" class=\"wp-image-32468 lazyload\" sizes=\"auto, (max-width: 1080px) 100vw, 1080px\" data-src=\"https:\/\/worldmsday.org\/wp-content\/uploads\/2023\/05\/Copy-of-Global-MS-Choir-new-graphic-1080-\u00d7-500px-2.png\" data-srcset=\"https:\/\/worldmsday.org\/wp-content\/uploads\/2023\/05\/Copy-of-Global-MS-Choir-new-graphic-1080-\u00d7-500px-2.png 1080w, https:\/\/worldmsday.org\/wp-content\/uploads\/2023\/05\/Copy-of-Global-MS-Choir-new-graphic-1080-\u00d7-500px-2-600x278.png 600w, https:\/\/worldmsday.org\/wp-content\/uploads\/2023\/05\/Copy-of-Global-MS-Choir-new-graphic-1080-\u00d7-500px-2-768x356.png 768w, https:\/\/worldmsday.org\/wp-content\/uploads\/2023\/05\/Copy-of-Global-MS-Choir-new-graphic-1080-\u00d7-500px-2-500x231.png 500w, https:\/\/worldmsday.org\/wp-content\/uploads\/2023\/05\/Copy-of-Global-MS-Choir-new-graphic-1080-\u00d7-500px-2-800x370.png 800w\"><noscript><img loading=\"lazy\" decoding=\"async\" width=\"1080\" height=\"500\" src=\"https:\/\/worldmsday.org\/wp-content\/uploads\/2023\/05\/Copy-of-Global-MS-Choir-new-graphic-1080-\u00d7-500px-2.png\" alt=\"\" class=\"wp-image-32468 lazyload\" sizes=\"auto, (max-width: 1080px) 100vw, 1080px\" srcset=\"https:\/\/worldmsday.org\/wp-content\/uploads\/2023\/05\/Copy-of-Global-MS-Choir-new-graphic-1080-\u00d7-500px-2.png 1080w, https:\/\/worldmsday.org\/wp-content\/uploads\/2023\/05\/Copy-of-Global-MS-Choir-new-graphic-1080-\u00d7-500px-2-600x278.png 600w, https:\/\/worldmsday.org\/wp-content\/uploads\/2023\/05\/Copy-of-Global-MS-Choir-new-graphic-1080-\u00d7-500px-2-768x356.png 768w, https:\/\/worldmsday.org\/wp-content\/uploads\/2023\/05\/Copy-of-Global-MS-Choir-new-graphic-1080-\u00d7-500px-2-500x231.png 500w, https:\/\/worldmsday.org\/wp-content\/uploads\/2023\/05\/Copy-of-Global-MS-Choir-new-graphic-1080-\u00d7-500px-2-800x370.png 800w\"><\/noscript><\/figure>\n<\/div>\n\n<div class=\"wysiwyg__content--skinny\">\n<p>En 2020, el D\u00eda Mundial de la Esclerosis M\u00faltiple puso en marcha una iniciativa musical muy especial para unir a las personas afectadas por la esclerosis m\u00faltiple: el Coro Internacional de la Esclerosis M\u00faltiple. El coro, un conjunto internacional de cantantes que alzan sus voces por la esclerosis m\u00faltiple, une a la comunidad mundial de la esclerosis m\u00faltiple para lograr una armon\u00eda literal.<\/p>\n<\/div>\n\n<div class=\"wysiwyg__content--skinny\">\n<p>La campa\u00f1a MS Connections gira en torno a la comunidad, al apoyo y a la conexi\u00f3n. Al seguir el esp\u00edritu de la campa\u00f1a, el coro crea conexiones sociales a trav\u00e9s del poder de la m\u00fasica.<\/p>\n<\/div>\n\n<div class=\"wysiwyg__content--skinny\">\n<p>Con el D\u00eda Mundial de la Esclerosis M\u00faltiple de 2023 cada vez m\u00e1s cerca, el Coro Internacional de la Esclerosis M\u00faltiple vuelve con una interpretaci\u00f3n especial de \u201cStand By Me\u201d. Este conocido cl\u00e1sico de Ben.\u00a0E.\u00a0King representar\u00e1 una expresi\u00f3n de coraje y solidaridad para todos los que viven con esclerosis m\u00faltiple en nuestra reuni\u00f3n del 30 de mayo. Para celebrar la diversidad de la comunidad de esclerosis m\u00faltiple, hemos traducido partes del coro al espa\u00f1ol y al \u00e1rabe.<\/p>\n<\/div>\n\n<div class=\"wysiwyg__content--skinny\">\n<p>Durante los \u00faltimos meses, el Coro Internacional de la Esclerosis M\u00faltiple se ha preparado para su gran actuaci\u00f3n. Calentamos nuestras cuerdas vocales durante los ensayos y repasamos cada parte del coro con la gu\u00eda de nuestro fant\u00e1stico director coral, James Sills. Gracias a los ensayos en l\u00ednea, cualquiera pudo participar. Tenemos coralistas de todos los rincones del mundo: Brasil, Finlandia, Singapur, Sud\u00e1frica y \u00a1muchos pa\u00edses m\u00e1s! Este a\u00f1o, m\u00e1s de 80\u00a0participantes de 27 pa\u00edses enviaron grabaciones, y aprendieron a capturar sus mejores tomas desde casa. A continuaci\u00f3n, nuestro talentoso equipo musical mezcl\u00f3 las pistas individuales, mientras que Iori Haugan se encarg\u00f3 de la ingenier\u00eda de sonido y de la creaci\u00f3n del video final.<\/p>\n<\/div>\n\n<div class=\"wp-block-image\">\n<figure class=\"aligncenter size-full\"><img loading=\"lazy\" decoding=\"async\" width=\"1280\" height=\"720\" src=\"https:\/\/worldmsday.org\/wp-content\/themes\/worldmsday\/assets\/images\/placeholder.svg\" alt=\"\" class=\"wp-image-32487 lazyload\" data-src=\"https:\/\/worldmsday.org\/wp-content\/uploads\/2023\/05\/Choir_rehershal_1_V2.gif\"><noscript><img loading=\"lazy\" decoding=\"async\" width=\"1280\" height=\"720\" src=\"https:\/\/worldmsday.org\/wp-content\/uploads\/2023\/05\/Choir_rehershal_1_V2.gif\" alt=\"\" class=\"wp-image-32487 lazyload\"><\/noscript><figcaption class=\"wp-element-caption\">Love from the final Global MS Choir rehearsal before World MS Day 2023<\/figcaption><\/figure>\n<\/div>\n\n<div class=\"wysiwyg__content--skinny\">\n<p>Los miembros del Coro Internacional de la Esclerosis M\u00faltiple nos han contado c\u00f3mo ha sido la experiencia hasta ahora. David, del Reino Unido, es tenor en el Coro Internacional de la Esclerosis M\u00faltiple: \u201cLa alegr\u00eda de reunirnos para cantar es tan estimulante. Me da la oportunidad de no pensar en nada m\u00e1s durante el tiempo que estamos juntos como una especie de familia de la esclerosis m\u00faltiple. Siento orgullo, satisfacci\u00f3n y alegr\u00eda el D\u00eda Mundial de la Esclerosis M\u00faltiple cuando escuchamos la pista final que los ingenieros de sonido han creado con tanta maestr\u00eda al mezclar todas nuestras voces. Es un momento maravilloso y emotivo que llevo en el coraz\u00f3n\u201d.<\/p>\n<\/div>\n\n\n<blockquote class=\"wp-block-quote is-layout-flow wp-block-quote-is-layout-flow\"><div class=\"wysiwyg__content--skinny\">\n<h2 class=\"wp-block-heading\">\u200e\u201cLa alegr\u00eda de cantar juntos es tan estimulante\u201d<\/h2>\n<\/div><cite>David del Reino Unido<\/cite><\/blockquote>\n\n\n<div class=\"wysiwyg__content--skinny\">\n<p>Anabel, de Espa\u00f1a, es contralto y ya ha formado parte del coro: \u201cLa primera vez que me inscrib\u00ed en este coro nunca hab\u00eda cantado; despu\u00e9s me inscrib\u00ed en un coro de mi ciudad\u2026 El Coro Internacional de la Esclerosis M\u00faltiple ha sido una gran experiencia desde el principio. Puedo estar en contacto con personas de todo el mundo que cantan al mismo tiempo, y todo el mundo puede vernos sonre\u00edr. Las personas pueden ver que, aunque tengamos esclerosis m\u00faltiple, podemos hacer muchas cosas\u201d.<\/p>\n<\/div>\n\n\n<blockquote class=\"wp-block-quote is-layout-flow wp-block-quote-is-layout-flow\"><div class=\"wysiwyg__content--skinny\">\n<p>\u00abLas personas pueden ver que, aunque tengamos esclerosis m\u00faltiple, podemos hacer muchas cosas\u201d.<\/p>\n<\/div><cite>Anabel de Espa\u00f1a<\/cite><\/blockquote>\n\n\n<div class=\"wysiwyg__content--skinny\">\n<p>Kathryn, soprano de los Estados Unidos, exclam\u00f3 lo siguiente: \u201c\u00a1Ha sido una experiencia incre\u00edble! He cantado en coros pr\u00e1cticamente toda mi vida, pero mi esclerosis m\u00faltiple me ha dificultado seguir cantando. Esta ha sido una oportunidad para volver a cantar con un grupo\u201d.<\/p>\n<\/div>\n\n\n<blockquote class=\"wp-block-quote is-layout-flow wp-block-quote-is-layout-flow\"><div class=\"wysiwyg__content--skinny\">\n<p>\u201c\u00a1Ha sido una experiencia incre\u00edble!\u00bb<\/p>\n<\/div><cite>Kathryn del Estados Unidos<\/cite><\/blockquote>\n\n\n<div class=\"wysiwyg__content--skinny\">\n<p>Ha sido muy emocionante y divertido cantar con personas afectadas por la esclerosis m\u00faltiple de todo el mundo. No te pierdas la interpretaci\u00f3n de \u201cStand By Me\u201d del Coro Internacional de la Esclerosis M\u00faltiple el 30 de mayo. Este himno del D\u00eda Mundial de la Esclerosis M\u00faltiple se estrenar\u00e1 a las 13:00\u00a0BST en los canales de <a href=\"https:\/\/www.facebook.com\/worldmsday\">Facebook<\/a> y <a href=\"https:\/\/www.youtube.com\/@WorldMSDay\">YouTube<\/a> del D\u00eda Mundial de la Esclerosis M\u00faltiple. \u00a1Nos encantar\u00eda que vieras el espect\u00e1culo!<\/p>\n<\/div>","protected":false},"excerpt":{"rendered":"<p>En 2020, el D\u00eda Mundial de la Esclerosis M\u00faltiple puso en marcha una iniciativa musical muy especial para unir a las personas afectadas por la esclerosis m\u00faltiple: el Coro Internacional de la Esclerosis M\u00faltiple. El coro, un conjunto internacional de cantantes que alzan sus voces por la esclerosis m\u00faltiple, une a la comunidad mundial de [&hellip;]<\/p>\n","protected":false},"author":43,"featured_media":32462,"comment_status":"closed","ping_status":"closed","sticky":false,"template":"","format":"standard","meta":{"_acf_changed":false,"footnotes":""},"categories":[1256],"tags":[],"class_list":["post-32547","post","type-post","status-publish","format-standard","has-post-thumbnail","hentry","category-2020-2023-ms-connections-es"],"acf":[],"yoast_head":"<!-- This site is optimized with the Yoast SEO plugin v27.5 - https:\/\/yoast.com\/product\/yoast-seo-wordpress\/ -->\n<title>El Coro Internacional de la Esclerosis M\u00faltiple vuelve para cantar \u201cStand by Me\u201d - D\u00eda Mundial de la EM<\/title>\n<meta name=\"robots\" content=\"index, follow, max-snippet:-1, max-image-preview:large, max-video-preview:-1\" \/>\n<link rel=\"canonical\" href=\"https:\/\/worldmsday.org\/es\/el-coro-internacional-de-la-esclerosis-multiple-vuelve-para-cantar-stand-by-me\/\" \/>\n<meta property=\"og:locale\" content=\"es_ES\" \/>\n<meta property=\"og:type\" content=\"article\" \/>\n<meta property=\"og:title\" content=\"El Coro Internacional de la Esclerosis M\u00faltiple vuelve para cantar \u201cStand by Me\u201d - D\u00eda Mundial de la EM\" \/>\n<meta property=\"og:description\" content=\"En 2020, el D\u00eda Mundial de la Esclerosis M\u00faltiple puso en marcha una iniciativa musical muy especial para unir a las personas afectadas por la esclerosis m\u00faltiple: el Coro Internacional de la Esclerosis M\u00faltiple. El coro, un conjunto internacional de cantantes que alzan sus voces por la esclerosis m\u00faltiple, une a la comunidad mundial de [&hellip;]\" \/>\n<meta property=\"og:url\" content=\"https:\/\/worldmsday.org\/es\/el-coro-internacional-de-la-esclerosis-multiple-vuelve-para-cantar-stand-by-me\/\" \/>\n<meta property=\"og:site_name\" content=\"D\u00eda Mundial de la EM\" \/>\n<meta property=\"article:publisher\" content=\"https:\/\/www.facebook.com\/worldmsday\" \/>\n<meta property=\"article:published_time\" content=\"2023-05-23T12:44:00+00:00\" \/>\n<meta property=\"article:modified_time\" content=\"2023-05-23T15:49:43+00:00\" \/>\n<meta property=\"og:image\" content=\"https:\/\/worldmsday.org\/wp-content\/uploads\/2023\/05\/Copy-of-Global-MS-Choir-new-graphic-1080-\u00d7-500px-1.png\" \/>\n\t<meta property=\"og:image:width\" content=\"1080\" \/>\n\t<meta property=\"og:image:height\" content=\"500\" \/>\n\t<meta property=\"og:image:type\" content=\"image\/png\" \/>\n<meta name=\"author\" content=\"Lili White\" \/>\n<meta name=\"twitter:card\" content=\"summary_large_image\" \/>\n<meta name=\"twitter:creator\" content=\"@WorldMSDay\" \/>\n<meta name=\"twitter:site\" content=\"@WorldMSDay\" \/>\n<meta name=\"twitter:label1\" content=\"Escrito por\" \/>\n\t<meta name=\"twitter:data1\" content=\"Lili White\" \/>\n\t<meta name=\"twitter:label2\" content=\"Tiempo de lectura\" \/>\n\t<meta name=\"twitter:data2\" content=\"4 minutos\" \/>\n<script type=\"application\/ld+json\" class=\"yoast-schema-graph\">{\"@context\":\"https:\\\/\\\/schema.org\",\"@graph\":[{\"@type\":\"Article\",\"@id\":\"https:\\\/\\\/worldmsday.org\\\/es\\\/el-coro-internacional-de-la-esclerosis-multiple-vuelve-para-cantar-stand-by-me\\\/#article\",\"isPartOf\":{\"@id\":\"https:\\\/\\\/worldmsday.org\\\/es\\\/el-coro-internacional-de-la-esclerosis-multiple-vuelve-para-cantar-stand-by-me\\\/\"},\"author\":{\"name\":\"Lili White\",\"@id\":\"https:\\\/\\\/worldmsday.org\\\/#\\\/schema\\\/person\\\/8824f7e35ff3c3c33509ff4edb604d81\"},\"headline\":\"El Coro Internacional de la Esclerosis M\u00faltiple vuelve para cantar \u201cStand by Me\u201d\",\"datePublished\":\"2023-05-23T12:44:00+00:00\",\"dateModified\":\"2023-05-23T15:49:43+00:00\",\"mainEntityOfPage\":{\"@id\":\"https:\\\/\\\/worldmsday.org\\\/es\\\/el-coro-internacional-de-la-esclerosis-multiple-vuelve-para-cantar-stand-by-me\\\/\"},\"wordCount\":728,\"image\":{\"@id\":\"https:\\\/\\\/worldmsday.org\\\/es\\\/el-coro-internacional-de-la-esclerosis-multiple-vuelve-para-cantar-stand-by-me\\\/#primaryimage\"},\"thumbnailUrl\":\"https:\\\/\\\/worldmsday.org\\\/wp-content\\\/uploads\\\/2023\\\/05\\\/Copy-of-Global-MS-Choir-new-graphic-1080-\u00d7-500px-1.png\",\"articleSection\":[\"2020-2023 MS Connections\"],\"inLanguage\":\"es\"},{\"@type\":\"WebPage\",\"@id\":\"https:\\\/\\\/worldmsday.org\\\/es\\\/el-coro-internacional-de-la-esclerosis-multiple-vuelve-para-cantar-stand-by-me\\\/\",\"url\":\"https:\\\/\\\/worldmsday.org\\\/es\\\/el-coro-internacional-de-la-esclerosis-multiple-vuelve-para-cantar-stand-by-me\\\/\",\"name\":\"El Coro Internacional de la Esclerosis M\u00faltiple vuelve para cantar \u201cStand by Me\u201d - D\u00eda Mundial de la EM\",\"isPartOf\":{\"@id\":\"https:\\\/\\\/worldmsday.org\\\/#website\"},\"primaryImageOfPage\":{\"@id\":\"https:\\\/\\\/worldmsday.org\\\/es\\\/el-coro-internacional-de-la-esclerosis-multiple-vuelve-para-cantar-stand-by-me\\\/#primaryimage\"},\"image\":{\"@id\":\"https:\\\/\\\/worldmsday.org\\\/es\\\/el-coro-internacional-de-la-esclerosis-multiple-vuelve-para-cantar-stand-by-me\\\/#primaryimage\"},\"thumbnailUrl\":\"https:\\\/\\\/worldmsday.org\\\/wp-content\\\/uploads\\\/2023\\\/05\\\/Copy-of-Global-MS-Choir-new-graphic-1080-\u00d7-500px-1.png\",\"datePublished\":\"2023-05-23T12:44:00+00:00\",\"dateModified\":\"2023-05-23T15:49:43+00:00\",\"author\":{\"@id\":\"https:\\\/\\\/worldmsday.org\\\/#\\\/schema\\\/person\\\/8824f7e35ff3c3c33509ff4edb604d81\"},\"breadcrumb\":{\"@id\":\"https:\\\/\\\/worldmsday.org\\\/es\\\/el-coro-internacional-de-la-esclerosis-multiple-vuelve-para-cantar-stand-by-me\\\/#breadcrumb\"},\"inLanguage\":\"es\",\"potentialAction\":[{\"@type\":\"ReadAction\",\"target\":[\"https:\\\/\\\/worldmsday.org\\\/es\\\/el-coro-internacional-de-la-esclerosis-multiple-vuelve-para-cantar-stand-by-me\\\/\"]}]},{\"@type\":\"ImageObject\",\"inLanguage\":\"es\",\"@id\":\"https:\\\/\\\/worldmsday.org\\\/es\\\/el-coro-internacional-de-la-esclerosis-multiple-vuelve-para-cantar-stand-by-me\\\/#primaryimage\",\"url\":\"https:\\\/\\\/worldmsday.org\\\/wp-content\\\/uploads\\\/2023\\\/05\\\/Copy-of-Global-MS-Choir-new-graphic-1080-\u00d7-500px-1.png\",\"contentUrl\":\"https:\\\/\\\/worldmsday.org\\\/wp-content\\\/uploads\\\/2023\\\/05\\\/Copy-of-Global-MS-Choir-new-graphic-1080-\u00d7-500px-1.png\",\"width\":1080,\"height\":500},{\"@type\":\"BreadcrumbList\",\"@id\":\"https:\\\/\\\/worldmsday.org\\\/es\\\/el-coro-internacional-de-la-esclerosis-multiple-vuelve-para-cantar-stand-by-me\\\/#breadcrumb\",\"itemListElement\":[{\"@type\":\"ListItem\",\"position\":1,\"name\":\"Home\",\"item\":\"https:\\\/\\\/worldmsday.org\\\/es\\\/\"},{\"@type\":\"ListItem\",\"position\":2,\"name\":\"El Coro Internacional de la Esclerosis M\u00faltiple vuelve para cantar \u201cStand by Me\u201d\"}]},{\"@type\":\"WebSite\",\"@id\":\"https:\\\/\\\/worldmsday.org\\\/#website\",\"url\":\"https:\\\/\\\/worldmsday.org\\\/\",\"name\":\"D\u00eda Mundial de la EM\",\"description\":\"30 de mayo de 2020\",\"potentialAction\":[{\"@type\":\"SearchAction\",\"target\":{\"@type\":\"EntryPoint\",\"urlTemplate\":\"https:\\\/\\\/worldmsday.org\\\/?s={search_term_string}\"},\"query-input\":{\"@type\":\"PropertyValueSpecification\",\"valueRequired\":true,\"valueName\":\"search_term_string\"}}],\"inLanguage\":\"es\"},{\"@type\":\"Person\",\"@id\":\"https:\\\/\\\/worldmsday.org\\\/#\\\/schema\\\/person\\\/8824f7e35ff3c3c33509ff4edb604d81\",\"name\":\"Lili White\"}]}<\/script>\n<!-- \/ Yoast SEO plugin. -->","yoast_head_json":{"title":"El Coro Internacional de la Esclerosis M\u00faltiple vuelve para cantar \u201cStand by Me\u201d - D\u00eda Mundial de la EM","robots":{"index":"index","follow":"follow","max-snippet":"max-snippet:-1","max-image-preview":"max-image-preview:large","max-video-preview":"max-video-preview:-1"},"canonical":"https:\/\/worldmsday.org\/es\/el-coro-internacional-de-la-esclerosis-multiple-vuelve-para-cantar-stand-by-me\/","og_locale":"es_ES","og_type":"article","og_title":"El Coro Internacional de la Esclerosis M\u00faltiple vuelve para cantar \u201cStand by Me\u201d - D\u00eda Mundial de la EM","og_description":"En 2020, el D\u00eda Mundial de la Esclerosis M\u00faltiple puso en marcha una iniciativa musical muy especial para unir a las personas afectadas por la esclerosis m\u00faltiple: el Coro Internacional de la Esclerosis M\u00faltiple. El coro, un conjunto internacional de cantantes que alzan sus voces por la esclerosis m\u00faltiple, une a la comunidad mundial de [&hellip;]","og_url":"https:\/\/worldmsday.org\/es\/el-coro-internacional-de-la-esclerosis-multiple-vuelve-para-cantar-stand-by-me\/","og_site_name":"D\u00eda Mundial de la EM","article_publisher":"https:\/\/www.facebook.com\/worldmsday","article_published_time":"2023-05-23T12:44:00+00:00","article_modified_time":"2023-05-23T15:49:43+00:00","og_image":[{"width":1080,"height":500,"url":"https:\/\/worldmsday.org\/wp-content\/uploads\/2023\/05\/Copy-of-Global-MS-Choir-new-graphic-1080-\u00d7-500px-1.png","type":"image\/png"}],"author":"Lili White","twitter_card":"summary_large_image","twitter_creator":"@WorldMSDay","twitter_site":"@WorldMSDay","twitter_misc":{"Escrito por":"Lili White","Tiempo de lectura":"4 minutos"},"schema":{"@context":"https:\/\/schema.org","@graph":[{"@type":"Article","@id":"https:\/\/worldmsday.org\/es\/el-coro-internacional-de-la-esclerosis-multiple-vuelve-para-cantar-stand-by-me\/#article","isPartOf":{"@id":"https:\/\/worldmsday.org\/es\/el-coro-internacional-de-la-esclerosis-multiple-vuelve-para-cantar-stand-by-me\/"},"author":{"name":"Lili White","@id":"https:\/\/worldmsday.org\/#\/schema\/person\/8824f7e35ff3c3c33509ff4edb604d81"},"headline":"El Coro Internacional de la Esclerosis M\u00faltiple vuelve para cantar \u201cStand by Me\u201d","datePublished":"2023-05-23T12:44:00+00:00","dateModified":"2023-05-23T15:49:43+00:00","mainEntityOfPage":{"@id":"https:\/\/worldmsday.org\/es\/el-coro-internacional-de-la-esclerosis-multiple-vuelve-para-cantar-stand-by-me\/"},"wordCount":728,"image":{"@id":"https:\/\/worldmsday.org\/es\/el-coro-internacional-de-la-esclerosis-multiple-vuelve-para-cantar-stand-by-me\/#primaryimage"},"thumbnailUrl":"https:\/\/worldmsday.org\/wp-content\/uploads\/2023\/05\/Copy-of-Global-MS-Choir-new-graphic-1080-\u00d7-500px-1.png","articleSection":["2020-2023 MS Connections"],"inLanguage":"es"},{"@type":"WebPage","@id":"https:\/\/worldmsday.org\/es\/el-coro-internacional-de-la-esclerosis-multiple-vuelve-para-cantar-stand-by-me\/","url":"https:\/\/worldmsday.org\/es\/el-coro-internacional-de-la-esclerosis-multiple-vuelve-para-cantar-stand-by-me\/","name":"El Coro Internacional de la Esclerosis M\u00faltiple vuelve para cantar \u201cStand by Me\u201d - D\u00eda Mundial de la EM","isPartOf":{"@id":"https:\/\/worldmsday.org\/#website"},"primaryImageOfPage":{"@id":"https:\/\/worldmsday.org\/es\/el-coro-internacional-de-la-esclerosis-multiple-vuelve-para-cantar-stand-by-me\/#primaryimage"},"image":{"@id":"https:\/\/worldmsday.org\/es\/el-coro-internacional-de-la-esclerosis-multiple-vuelve-para-cantar-stand-by-me\/#primaryimage"},"thumbnailUrl":"https:\/\/worldmsday.org\/wp-content\/uploads\/2023\/05\/Copy-of-Global-MS-Choir-new-graphic-1080-\u00d7-500px-1.png","datePublished":"2023-05-23T12:44:00+00:00","dateModified":"2023-05-23T15:49:43+00:00","author":{"@id":"https:\/\/worldmsday.org\/#\/schema\/person\/8824f7e35ff3c3c33509ff4edb604d81"},"breadcrumb":{"@id":"https:\/\/worldmsday.org\/es\/el-coro-internacional-de-la-esclerosis-multiple-vuelve-para-cantar-stand-by-me\/#breadcrumb"},"inLanguage":"es","potentialAction":[{"@type":"ReadAction","target":["https:\/\/worldmsday.org\/es\/el-coro-internacional-de-la-esclerosis-multiple-vuelve-para-cantar-stand-by-me\/"]}]},{"@type":"ImageObject","inLanguage":"es","@id":"https:\/\/worldmsday.org\/es\/el-coro-internacional-de-la-esclerosis-multiple-vuelve-para-cantar-stand-by-me\/#primaryimage","url":"https:\/\/worldmsday.org\/wp-content\/uploads\/2023\/05\/Copy-of-Global-MS-Choir-new-graphic-1080-\u00d7-500px-1.png","contentUrl":"https:\/\/worldmsday.org\/wp-content\/uploads\/2023\/05\/Copy-of-Global-MS-Choir-new-graphic-1080-\u00d7-500px-1.png","width":1080,"height":500},{"@type":"BreadcrumbList","@id":"https:\/\/worldmsday.org\/es\/el-coro-internacional-de-la-esclerosis-multiple-vuelve-para-cantar-stand-by-me\/#breadcrumb","itemListElement":[{"@type":"ListItem","position":1,"name":"Home","item":"https:\/\/worldmsday.org\/es\/"},{"@type":"ListItem","position":2,"name":"El Coro Internacional de la Esclerosis M\u00faltiple vuelve para cantar \u201cStand by Me\u201d"}]},{"@type":"WebSite","@id":"https:\/\/worldmsday.org\/#website","url":"https:\/\/worldmsday.org\/","name":"D\u00eda Mundial de la EM","description":"30 de mayo de 2020","potentialAction":[{"@type":"SearchAction","target":{"@type":"EntryPoint","urlTemplate":"https:\/\/worldmsday.org\/?s={search_term_string}"},"query-input":{"@type":"PropertyValueSpecification","valueRequired":true,"valueName":"search_term_string"}}],"inLanguage":"es"},{"@type":"Person","@id":"https:\/\/worldmsday.org\/#\/schema\/person\/8824f7e35ff3c3c33509ff4edb604d81","name":"Lili White"}]}},"_links":{"self":[{"href":"https:\/\/worldmsday.org\/es\/wp-json\/wp\/v2\/posts\/32547","targetHints":{"allow":["GET"]}}],"collection":[{"href":"https:\/\/worldmsday.org\/es\/wp-json\/wp\/v2\/posts"}],"about":[{"href":"https:\/\/worldmsday.org\/es\/wp-json\/wp\/v2\/types\/post"}],"author":[{"embeddable":true,"href":"https:\/\/worldmsday.org\/es\/wp-json\/wp\/v2\/users\/43"}],"replies":[{"embeddable":true,"href":"https:\/\/worldmsday.org\/es\/wp-json\/wp\/v2\/comments?post=32547"}],"version-history":[{"count":0,"href":"https:\/\/worldmsday.org\/es\/wp-json\/wp\/v2\/posts\/32547\/revisions"}],"wp:featuredmedia":[{"embeddable":true,"href":"https:\/\/worldmsday.org\/es\/wp-json\/wp\/v2\/media\/32462"}],"wp:attachment":[{"href":"https:\/\/worldmsday.org\/es\/wp-json\/wp\/v2\/media?parent=32547"}],"wp:term":[{"taxonomy":"category","embeddable":true,"href":"https:\/\/worldmsday.org\/es\/wp-json\/wp\/v2\/categories?post=32547"},{"taxonomy":"post_tag","embeddable":true,"href":"https:\/\/worldmsday.org\/es\/wp-json\/wp\/v2\/tags?post=32547"}],"curies":[{"name":"wp","href":"https:\/\/api.w.org\/{rel}","templated":true}]}}