{"id":32528,"date":"2023-04-27T21:49:31","date_gmt":"2023-04-27T20:49:31","guid":{"rendered":"https:\/\/worldmsday.org\/?p=32528"},"modified":"2023-05-23T16:33:12","modified_gmt":"2023-05-23T15:33:12","slug":"conoce-a-los-jueces-del-concurso-de-arte","status":"publish","type":"post","link":"https:\/\/worldmsday.org\/es\/conoce-a-los-jueces-del-concurso-de-arte\/","title":{"rendered":"\u200e\u00a1Conoce a los jueces del concurso de arte!"},"content":{"rendered":"<div class=\"wysiwyg__content--skinny\">\n<p>Este a\u00f1o, organizamos el primer concurso internacional de arte con motivo del D\u00eda Mundial de la Esclerosis M\u00faltiple. Invitamos a los participantes a expresar sus experiencias con la esclerosis m\u00faltiple y las conexiones que m\u00e1s les importan. Hemos reunido a un grupo internacional de artistas afectados por la esclerosis m\u00faltiple para preseleccionar y elegir a los ganadores. Estamos encantados de presentarles a este grupo talentoso, que representa a diferentes pa\u00edses, experiencias y habilidades.<\/p>\n<\/div>\n\n<div class=\"wysiwyg__content--skinny\">\n<h2 class=\"wp-block-heading\"><strong>Lydia Emily Archibald<\/strong><\/h2>\n<\/div>\n\n<div class=\"wysiwyg__content--skinny\">\n<p>Lydia Emily Archibald es una artista y promotora de la esclerosis m\u00faltiple radicada en Los \u00c1ngeles, Estados Unidos. Lydia Emily, como artista callejera, muralista y pintora al \u00f3leo, ha exhibido su prol\u00edfica y din\u00e1mica obra en galer\u00edas de arte de todo el mundo. Su estilo caracter\u00edstico es el retrato realista con temas relacionados con la justicia social y la igualdad.<\/p>\n<\/div>\n\n\n<figure class=\"wp-block-gallery has-nested-images columns-default is-cropped wp-block-gallery-1 is-layout-flex wp-block-gallery-is-layout-flex\">\n<figure class=\"wp-block-image size-large\"><img loading=\"lazy\" decoding=\"async\" width=\"478\" height=\"600\" data-id=\"32342\" src=\"https:\/\/worldmsday.org\/wp-content\/themes\/worldmsday\/assets\/images\/placeholder.svg\" alt=\"\" class=\"wp-image-32342 lazyload\" sizes=\"auto, (max-width: 478px) 100vw, 478px\" data-src=\"https:\/\/worldmsday.org\/wp-content\/uploads\/2023\/04\/lydia-portrait-1-478x600.png\" data-srcset=\"https:\/\/worldmsday.org\/wp-content\/uploads\/2023\/04\/lydia-portrait-1-478x600.png 478w, https:\/\/worldmsday.org\/wp-content\/uploads\/2023\/04\/lydia-portrait-1-768x964.png 768w, https:\/\/worldmsday.org\/wp-content\/uploads\/2023\/04\/lydia-portrait-1-500x628.png 500w, https:\/\/worldmsday.org\/wp-content\/uploads\/2023\/04\/lydia-portrait-1-800x1004.png 800w, https:\/\/worldmsday.org\/wp-content\/uploads\/2023\/04\/lydia-portrait-1.png 956w\"><noscript><img loading=\"lazy\" decoding=\"async\" width=\"478\" height=\"600\" data-id=\"32342\" src=\"https:\/\/worldmsday.org\/wp-content\/uploads\/2023\/04\/lydia-portrait-1-478x600.png\" alt=\"\" class=\"wp-image-32342 lazyload\" sizes=\"auto, (max-width: 478px) 100vw, 478px\" srcset=\"https:\/\/worldmsday.org\/wp-content\/uploads\/2023\/04\/lydia-portrait-1-478x600.png 478w, https:\/\/worldmsday.org\/wp-content\/uploads\/2023\/04\/lydia-portrait-1-768x964.png 768w, https:\/\/worldmsday.org\/wp-content\/uploads\/2023\/04\/lydia-portrait-1-500x628.png 500w, https:\/\/worldmsday.org\/wp-content\/uploads\/2023\/04\/lydia-portrait-1-800x1004.png 800w, https:\/\/worldmsday.org\/wp-content\/uploads\/2023\/04\/lydia-portrait-1.png 956w\"><\/noscript><figcaption class=\"wp-element-caption\"><strong>Lydia Emily Archibald<\/strong> and self portrait<\/figcaption><\/figure>\n\n\n\n<figure class=\"wp-block-image size-large\"><img loading=\"lazy\" decoding=\"async\" width=\"453\" height=\"600\" data-id=\"32337\" src=\"https:\/\/worldmsday.org\/wp-content\/themes\/worldmsday\/assets\/images\/placeholder.svg\" alt=\"\" class=\"wp-image-32337 lazyload\" sizes=\"auto, (max-width: 453px) 100vw, 453px\" data-src=\"https:\/\/worldmsday.org\/wp-content\/uploads\/2023\/04\/Image-1-Lydia-Emily-453x600.jpg\" data-srcset=\"https:\/\/worldmsday.org\/wp-content\/uploads\/2023\/04\/Image-1-Lydia-Emily-453x600.jpg 453w, https:\/\/worldmsday.org\/wp-content\/uploads\/2023\/04\/Image-1-Lydia-Emily-768x1017.jpg 768w, https:\/\/worldmsday.org\/wp-content\/uploads\/2023\/04\/Image-1-Lydia-Emily-500x662.jpg 500w, https:\/\/worldmsday.org\/wp-content\/uploads\/2023\/04\/Image-1-Lydia-Emily-800x1060.jpg 800w, https:\/\/worldmsday.org\/wp-content\/uploads\/2023\/04\/Image-1-Lydia-Emily.jpg 906w\"><noscript><img loading=\"lazy\" decoding=\"async\" width=\"453\" height=\"600\" data-id=\"32337\" src=\"https:\/\/worldmsday.org\/wp-content\/uploads\/2023\/04\/Image-1-Lydia-Emily-453x600.jpg\" alt=\"\" class=\"wp-image-32337 lazyload\" sizes=\"auto, (max-width: 453px) 100vw, 453px\" srcset=\"https:\/\/worldmsday.org\/wp-content\/uploads\/2023\/04\/Image-1-Lydia-Emily-453x600.jpg 453w, https:\/\/worldmsday.org\/wp-content\/uploads\/2023\/04\/Image-1-Lydia-Emily-768x1017.jpg 768w, https:\/\/worldmsday.org\/wp-content\/uploads\/2023\/04\/Image-1-Lydia-Emily-500x662.jpg 500w, https:\/\/worldmsday.org\/wp-content\/uploads\/2023\/04\/Image-1-Lydia-Emily-800x1060.jpg 800w, https:\/\/worldmsday.org\/wp-content\/uploads\/2023\/04\/Image-1-Lydia-Emily.jpg 906w\"><\/noscript><figcaption class=\"wp-element-caption\">&#8216;Her&#8217; painting <\/figcaption><\/figure>\n<\/figure>\n\n\n<div class=\"wysiwyg__content--skinny\">\n<p>Lydia Emily luch\u00f3 contra el c\u00e1ncer en 2010 y, en 2012, le diagnosticaron esclerosis m\u00faltiple. M\u00e1s tarde, se convirti\u00f3 en portavoz de la National MS Society de los Estados Unidos y comparti\u00f3 la historia de su diagn\u00f3stico y su lucha contra la esclerosis m\u00faltiple junto con su mensaje de esperanza.<\/p>\n<\/div>\n\n<div class=\"wysiwyg__content--skinny\">\n<p>Lydia Emily es la protagonista del documental \u201cThe Art of Rebellion\u201d, que aborda su lucha contra la esclerosis m\u00faltiple progresiva y la pintura como resistencia creativa. Puedes conocer m\u00e1s sobre Lydia Emily en la campa\u00f1a <a href=\"https:\/\/youtu.be\/NTBGiMhJFMo\">#ThisIsMe<\/a> de la National MS Society.<\/p>\n<\/div>\n\n\n<figure class=\"wp-block-image size-large\"><img loading=\"lazy\" decoding=\"async\" width=\"800\" height=\"600\" src=\"https:\/\/worldmsday.org\/wp-content\/themes\/worldmsday\/assets\/images\/placeholder.svg\" alt=\"\" class=\"wp-image-32332 lazyload\" sizes=\"auto, (max-width: 800px) 100vw, 800px\" data-src=\"https:\/\/worldmsday.org\/wp-content\/uploads\/2023\/04\/Image-2-Ludioa-Emily-800x600.jpg\" data-srcset=\"https:\/\/worldmsday.org\/wp-content\/uploads\/2023\/04\/Image-2-Ludioa-Emily-800x600.jpg 800w, https:\/\/worldmsday.org\/wp-content\/uploads\/2023\/04\/Image-2-Ludioa-Emily-600x450.jpg 600w, https:\/\/worldmsday.org\/wp-content\/uploads\/2023\/04\/Image-2-Ludioa-Emily-768x576.jpg 768w, https:\/\/worldmsday.org\/wp-content\/uploads\/2023\/04\/Image-2-Ludioa-Emily-500x375.jpg 500w, https:\/\/worldmsday.org\/wp-content\/uploads\/2023\/04\/Image-2-Ludioa-Emily.jpg 960w\"><noscript><img loading=\"lazy\" decoding=\"async\" width=\"800\" height=\"600\" src=\"https:\/\/worldmsday.org\/wp-content\/uploads\/2023\/04\/Image-2-Ludioa-Emily-800x600.jpg\" alt=\"\" class=\"wp-image-32332 lazyload\" sizes=\"auto, (max-width: 800px) 100vw, 800px\" srcset=\"https:\/\/worldmsday.org\/wp-content\/uploads\/2023\/04\/Image-2-Ludioa-Emily-800x600.jpg 800w, https:\/\/worldmsday.org\/wp-content\/uploads\/2023\/04\/Image-2-Ludioa-Emily-600x450.jpg 600w, https:\/\/worldmsday.org\/wp-content\/uploads\/2023\/04\/Image-2-Ludioa-Emily-768x576.jpg 768w, https:\/\/worldmsday.org\/wp-content\/uploads\/2023\/04\/Image-2-Ludioa-Emily-500x375.jpg 500w, https:\/\/worldmsday.org\/wp-content\/uploads\/2023\/04\/Image-2-Ludioa-Emily.jpg 960w\"><\/noscript><figcaption class=\"wp-element-caption\">Lydia Emily cre\u00f3 cuatro murales alegres e inspiradores en Los \u00c1ngeles, Housto, Portland y Louisville, a trav\u00e9s de los que comparti\u00f3 un mensaje de esperanza para la comunidad de la esclerosis m\u00faltiple.<\/figcaption><\/figure>\n\n\n<div class=\"wysiwyg__content--skinny\">\n<h2 class=\"wp-block-heading\">Giovanna Gil Alves<\/h2>\n<\/div>\n\n<div class=\"wysiwyg__content--skinny\">\n<p>Giovanna Gil Alves es una artista de Montevideo, Uruguay que crea pinturas, dibujos, cer\u00e1micas e ilustraciones. Su obra es, en gran medida, autobiogr\u00e1fica y se inspira en el mundo que la rodea.<\/p>\n<\/div>\n\n\n<figure class=\"wp-block-image size-large\"><img loading=\"lazy\" decoding=\"async\" width=\"600\" height=\"600\" src=\"https:\/\/worldmsday.org\/wp-content\/themes\/worldmsday\/assets\/images\/placeholder.svg\" alt=\"\" class=\"wp-image-32349 lazyload\" sizes=\"auto, (max-width: 600px) 100vw, 600px\" data-src=\"https:\/\/worldmsday.org\/wp-content\/uploads\/2023\/04\/FrLaaPBXoAAjy8V-600x600.jpg\" data-srcset=\"https:\/\/worldmsday.org\/wp-content\/uploads\/2023\/04\/FrLaaPBXoAAjy8V-600x600.jpg 600w, https:\/\/worldmsday.org\/wp-content\/uploads\/2023\/04\/FrLaaPBXoAAjy8V-240x240.jpg 240w, https:\/\/worldmsday.org\/wp-content\/uploads\/2023\/04\/FrLaaPBXoAAjy8V-768x768.jpg 768w, https:\/\/worldmsday.org\/wp-content\/uploads\/2023\/04\/FrLaaPBXoAAjy8V-1536x1536.jpg 1536w, https:\/\/worldmsday.org\/wp-content\/uploads\/2023\/04\/FrLaaPBXoAAjy8V-2048x2048.jpg 2048w, https:\/\/worldmsday.org\/wp-content\/uploads\/2023\/04\/FrLaaPBXoAAjy8V-500x500.jpg 500w, https:\/\/worldmsday.org\/wp-content\/uploads\/2023\/04\/FrLaaPBXoAAjy8V-800x800.jpg 800w, https:\/\/worldmsday.org\/wp-content\/uploads\/2023\/04\/FrLaaPBXoAAjy8V-1280x1280.jpg 1280w, https:\/\/worldmsday.org\/wp-content\/uploads\/2023\/04\/FrLaaPBXoAAjy8V-1920x1920.jpg 1920w, https:\/\/worldmsday.org\/wp-content\/uploads\/2023\/04\/FrLaaPBXoAAjy8V-150x150.jpg 150w\"><noscript><img loading=\"lazy\" decoding=\"async\" width=\"600\" height=\"600\" src=\"https:\/\/worldmsday.org\/wp-content\/uploads\/2023\/04\/FrLaaPBXoAAjy8V-600x600.jpg\" alt=\"\" class=\"wp-image-32349 lazyload\" sizes=\"auto, (max-width: 600px) 100vw, 600px\" srcset=\"https:\/\/worldmsday.org\/wp-content\/uploads\/2023\/04\/FrLaaPBXoAAjy8V-600x600.jpg 600w, https:\/\/worldmsday.org\/wp-content\/uploads\/2023\/04\/FrLaaPBXoAAjy8V-240x240.jpg 240w, https:\/\/worldmsday.org\/wp-content\/uploads\/2023\/04\/FrLaaPBXoAAjy8V-768x768.jpg 768w, https:\/\/worldmsday.org\/wp-content\/uploads\/2023\/04\/FrLaaPBXoAAjy8V-1536x1536.jpg 1536w, https:\/\/worldmsday.org\/wp-content\/uploads\/2023\/04\/FrLaaPBXoAAjy8V-2048x2048.jpg 2048w, https:\/\/worldmsday.org\/wp-content\/uploads\/2023\/04\/FrLaaPBXoAAjy8V-500x500.jpg 500w, https:\/\/worldmsday.org\/wp-content\/uploads\/2023\/04\/FrLaaPBXoAAjy8V-800x800.jpg 800w, https:\/\/worldmsday.org\/wp-content\/uploads\/2023\/04\/FrLaaPBXoAAjy8V-1280x1280.jpg 1280w, https:\/\/worldmsday.org\/wp-content\/uploads\/2023\/04\/FrLaaPBXoAAjy8V-1920x1920.jpg 1920w, https:\/\/worldmsday.org\/wp-content\/uploads\/2023\/04\/FrLaaPBXoAAjy8V-150x150.jpg 150w\"><\/noscript><figcaption class=\"wp-element-caption\">Giovanna Gil Alves rodeada de su trabajo.<\/figcaption><\/figure>\n\n\n<div class=\"wysiwyg__content--skinny\">\n<p>Giovanna apunta a Picasso como su mayor inspiraci\u00f3n e influencia creativa diaria. El enfoque inquieto e inventivo de Picasso la inspira en la creaci\u00f3n de bodegones, composiciones de desnudos y paisajes. La obra de Giovanna est\u00e1 presente en galer\u00edas permanentes de Uruguay, M\u00e9xico, Argentina, Brasil y Espa\u00f1a. Giovanna est\u00e1 encantada de formar parte del jurado de este a\u00f1o, ya que su familia est\u00e1 afectada por la esclerosis m\u00faltiple y ella se solidariza con la comunidad que la padece.<\/p>\n<\/div>\n\n\n<figure class=\"wp-block-gallery has-nested-images columns-default is-cropped wp-block-gallery-2 is-layout-flex wp-block-gallery-is-layout-flex\">\n<figure class=\"wp-block-image size-large\"><img loading=\"lazy\" decoding=\"async\" width=\"453\" height=\"600\" data-id=\"32380\" src=\"https:\/\/worldmsday.org\/wp-content\/themes\/worldmsday\/assets\/images\/placeholder.svg\" alt=\"\" class=\"wp-image-32380 lazyload\" sizes=\"auto, (max-width: 453px) 100vw, 453px\" data-src=\"https:\/\/worldmsday.org\/wp-content\/uploads\/2023\/04\/EL-BESO-2023-e1682630331875-453x600.jpg\" data-srcset=\"https:\/\/worldmsday.org\/wp-content\/uploads\/2023\/04\/EL-BESO-2023-e1682630331875-453x600.jpg 453w, https:\/\/worldmsday.org\/wp-content\/uploads\/2023\/04\/EL-BESO-2023-e1682630331875-500x662.jpg 500w, https:\/\/worldmsday.org\/wp-content\/uploads\/2023\/04\/EL-BESO-2023-e1682630331875.jpg 681w\"><noscript><img loading=\"lazy\" decoding=\"async\" width=\"453\" height=\"600\" data-id=\"32380\" src=\"https:\/\/worldmsday.org\/wp-content\/uploads\/2023\/04\/EL-BESO-2023-e1682630331875-453x600.jpg\" alt=\"\" class=\"wp-image-32380 lazyload\" sizes=\"auto, (max-width: 453px) 100vw, 453px\" srcset=\"https:\/\/worldmsday.org\/wp-content\/uploads\/2023\/04\/EL-BESO-2023-e1682630331875-453x600.jpg 453w, https:\/\/worldmsday.org\/wp-content\/uploads\/2023\/04\/EL-BESO-2023-e1682630331875-500x662.jpg 500w, https:\/\/worldmsday.org\/wp-content\/uploads\/2023\/04\/EL-BESO-2023-e1682630331875.jpg 681w\"><\/noscript><figcaption class=\"wp-element-caption\"><br>El beso, 2023<\/figcaption><\/figure>\n\n\n\n<figure class=\"wp-block-image size-large\"><img loading=\"lazy\" decoding=\"async\" width=\"573\" height=\"600\" data-id=\"32359\" src=\"https:\/\/worldmsday.org\/wp-content\/themes\/worldmsday\/assets\/images\/placeholder.svg\" alt=\"\" class=\"wp-image-32359 lazyload\" sizes=\"auto, (max-width: 573px) 100vw, 573px\" data-src=\"https:\/\/worldmsday.org\/wp-content\/uploads\/2023\/04\/Image-2-Giovanna-573x600.jpg\" data-srcset=\"https:\/\/worldmsday.org\/wp-content\/uploads\/2023\/04\/Image-2-Giovanna-573x600.jpg 573w, https:\/\/worldmsday.org\/wp-content\/uploads\/2023\/04\/Image-2-Giovanna-500x523.jpg 500w, https:\/\/worldmsday.org\/wp-content\/uploads\/2023\/04\/Image-2-Giovanna.jpg 598w\"><noscript><img loading=\"lazy\" decoding=\"async\" width=\"573\" height=\"600\" data-id=\"32359\" src=\"https:\/\/worldmsday.org\/wp-content\/uploads\/2023\/04\/Image-2-Giovanna-573x600.jpg\" alt=\"\" class=\"wp-image-32359 lazyload\" sizes=\"auto, (max-width: 573px) 100vw, 573px\" srcset=\"https:\/\/worldmsday.org\/wp-content\/uploads\/2023\/04\/Image-2-Giovanna-573x600.jpg 573w, https:\/\/worldmsday.org\/wp-content\/uploads\/2023\/04\/Image-2-Giovanna-500x523.jpg 500w, https:\/\/worldmsday.org\/wp-content\/uploads\/2023\/04\/Image-2-Giovanna.jpg 598w\"><\/noscript><figcaption class=\"wp-element-caption\">Mirada, 2023<\/figcaption><\/figure>\n<\/figure>\n\n\n<div class=\"wysiwyg__content--skinny\">\n<h2 class=\"wp-block-heading\"><strong>Amaia Vincente<\/strong><\/h2>\n<\/div>\n\n<div class=\"wysiwyg__content--skinny\">\n<p>Amaia Vicente es artista e investigadora en arte, ciencia y tecnolog\u00eda. Utiliza diferentes medios para transmitir significados: desde la escultura y la instalaci\u00f3n hasta la interpretaci\u00f3n y lo digital. Amaia combina tecnolog\u00eda y artesan\u00eda para explorar temas relacionados con la belleza, el hogar, el capitalismo y el poder. Le interesan los cuerpos como s\u00edmbolos de identidad, y afirma lo siguiente: \u201cEn mi obra, el cuerpo es la piedra angular; un cuerpo dominado por las normas culturales y sociales\u201d.<\/p>\n<\/div>\n\n\n<figure class=\"wp-block-image size-large\"><img loading=\"lazy\" decoding=\"async\" width=\"900\" height=\"600\" src=\"https:\/\/worldmsday.org\/wp-content\/themes\/worldmsday\/assets\/images\/placeholder.svg\" alt=\"\" class=\"wp-image-32369 lazyload\" sizes=\"auto, (max-width: 900px) 100vw, 900px\" data-src=\"https:\/\/worldmsday.org\/wp-content\/uploads\/2023\/04\/PHOTO-900x600.jpg\" data-srcset=\"https:\/\/worldmsday.org\/wp-content\/uploads\/2023\/04\/PHOTO-900x600.jpg 900w, https:\/\/worldmsday.org\/wp-content\/uploads\/2023\/04\/PHOTO-600x400.jpg 600w, https:\/\/worldmsday.org\/wp-content\/uploads\/2023\/04\/PHOTO-768x512.jpg 768w, https:\/\/worldmsday.org\/wp-content\/uploads\/2023\/04\/PHOTO-1536x1024.jpg 1536w, https:\/\/worldmsday.org\/wp-content\/uploads\/2023\/04\/PHOTO-500x333.jpg 500w, https:\/\/worldmsday.org\/wp-content\/uploads\/2023\/04\/PHOTO-800x533.jpg 800w, https:\/\/worldmsday.org\/wp-content\/uploads\/2023\/04\/PHOTO-1280x853.jpg 1280w, https:\/\/worldmsday.org\/wp-content\/uploads\/2023\/04\/PHOTO-1920x1280.jpg 1920w, https:\/\/worldmsday.org\/wp-content\/uploads\/2023\/04\/PHOTO.jpg 2000w\"><noscript><img loading=\"lazy\" decoding=\"async\" width=\"900\" height=\"600\" src=\"https:\/\/worldmsday.org\/wp-content\/uploads\/2023\/04\/PHOTO-900x600.jpg\" alt=\"\" class=\"wp-image-32369 lazyload\" sizes=\"auto, (max-width: 900px) 100vw, 900px\" srcset=\"https:\/\/worldmsday.org\/wp-content\/uploads\/2023\/04\/PHOTO-900x600.jpg 900w, https:\/\/worldmsday.org\/wp-content\/uploads\/2023\/04\/PHOTO-600x400.jpg 600w, https:\/\/worldmsday.org\/wp-content\/uploads\/2023\/04\/PHOTO-768x512.jpg 768w, https:\/\/worldmsday.org\/wp-content\/uploads\/2023\/04\/PHOTO-1536x1024.jpg 1536w, https:\/\/worldmsday.org\/wp-content\/uploads\/2023\/04\/PHOTO-500x333.jpg 500w, https:\/\/worldmsday.org\/wp-content\/uploads\/2023\/04\/PHOTO-800x533.jpg 800w, https:\/\/worldmsday.org\/wp-content\/uploads\/2023\/04\/PHOTO-1280x853.jpg 1280w, https:\/\/worldmsday.org\/wp-content\/uploads\/2023\/04\/PHOTO-1920x1280.jpg 1920w, https:\/\/worldmsday.org\/wp-content\/uploads\/2023\/04\/PHOTO.jpg 2000w\"><\/noscript><figcaption class=\"wp-element-caption\">Amaia Vicente<\/figcaption><\/figure>\n\n\n<div class=\"wysiwyg__content--skinny\">\n<p>Amaia ha sido seleccionada para numerosas becas de creaci\u00f3n, exposiciones, festivales y simposios internacionales, como la Fillet Gallery de Londres, el \u201cADIIF Video Creation Festival\u201d del Festival de Cannes y el \u201cFemTourTrack\u201d de Estocolmo.<\/p>\n<\/div>\n\n<div class=\"wysiwyg__content--skinny\">\n<p>Amaia convive con la esclerosis m\u00faltiple, y su \u00faltima obra esc\u00e9nica, \u201cEKSOGRAPHY\u201d, utiliza un exoesqueleto rob\u00f3tico que ayuda a las personas con esclerosis m\u00faltiple a recuperar la movilidad. Actualmente, realiza un doctorado sobre el potencial de los exoesqueletos para personas con esclerosis m\u00faltiple en el Departamento de Arte y Tecnolog\u00eda de la Facultad de Bellas Artes de la Universidad del Pa\u00eds Vasco (UPV-EHU).<\/p>\n<\/div>\n\n\n<figure class=\"wp-block-image size-large\"><img loading=\"lazy\" decoding=\"async\" width=\"683\" height=\"600\" src=\"https:\/\/worldmsday.org\/wp-content\/themes\/worldmsday\/assets\/images\/placeholder.svg\" alt=\"\" class=\"wp-image-32374 lazyload\" sizes=\"auto, (max-width: 683px) 100vw, 683px\" data-src=\"https:\/\/worldmsday.org\/wp-content\/uploads\/2023\/04\/EXOGRAFIA-V1-1-683x600.jpg\" data-srcset=\"https:\/\/worldmsday.org\/wp-content\/uploads\/2023\/04\/EXOGRAFIA-V1-1-683x600.jpg 683w, https:\/\/worldmsday.org\/wp-content\/uploads\/2023\/04\/EXOGRAFIA-V1-1-600x527.jpg 600w, https:\/\/worldmsday.org\/wp-content\/uploads\/2023\/04\/EXOGRAFIA-V1-1-768x675.jpg 768w, https:\/\/worldmsday.org\/wp-content\/uploads\/2023\/04\/EXOGRAFIA-V1-1-1536x1350.jpg 1536w, https:\/\/worldmsday.org\/wp-content\/uploads\/2023\/04\/EXOGRAFIA-V1-1-2048x1800.jpg 2048w, https:\/\/worldmsday.org\/wp-content\/uploads\/2023\/04\/EXOGRAFIA-V1-1-500x439.jpg 500w, https:\/\/worldmsday.org\/wp-content\/uploads\/2023\/04\/EXOGRAFIA-V1-1-800x703.jpg 800w, https:\/\/worldmsday.org\/wp-content\/uploads\/2023\/04\/EXOGRAFIA-V1-1-1280x1125.jpg 1280w, https:\/\/worldmsday.org\/wp-content\/uploads\/2023\/04\/EXOGRAFIA-V1-1-1920x1687.jpg 1920w\"><noscript><img loading=\"lazy\" decoding=\"async\" width=\"683\" height=\"600\" src=\"https:\/\/worldmsday.org\/wp-content\/uploads\/2023\/04\/EXOGRAFIA-V1-1-683x600.jpg\" alt=\"\" class=\"wp-image-32374 lazyload\" sizes=\"auto, (max-width: 683px) 100vw, 683px\" srcset=\"https:\/\/worldmsday.org\/wp-content\/uploads\/2023\/04\/EXOGRAFIA-V1-1-683x600.jpg 683w, https:\/\/worldmsday.org\/wp-content\/uploads\/2023\/04\/EXOGRAFIA-V1-1-600x527.jpg 600w, https:\/\/worldmsday.org\/wp-content\/uploads\/2023\/04\/EXOGRAFIA-V1-1-768x675.jpg 768w, https:\/\/worldmsday.org\/wp-content\/uploads\/2023\/04\/EXOGRAFIA-V1-1-1536x1350.jpg 1536w, https:\/\/worldmsday.org\/wp-content\/uploads\/2023\/04\/EXOGRAFIA-V1-1-2048x1800.jpg 2048w, https:\/\/worldmsday.org\/wp-content\/uploads\/2023\/04\/EXOGRAFIA-V1-1-500x439.jpg 500w, https:\/\/worldmsday.org\/wp-content\/uploads\/2023\/04\/EXOGRAFIA-V1-1-800x703.jpg 800w, https:\/\/worldmsday.org\/wp-content\/uploads\/2023\/04\/EXOGRAFIA-V1-1-1280x1125.jpg 1280w, https:\/\/worldmsday.org\/wp-content\/uploads\/2023\/04\/EXOGRAFIA-V1-1-1920x1687.jpg 1920w\"><\/noscript><figcaption class=\"wp-element-caption\">EXOGRAF\u00cdA<\/figcaption><\/figure>\n\n\n<div class=\"wysiwyg__content--skinny\">\n<p>Este brillante jurado, en conjunto, evaluar\u00e1 todas las candidaturas en funci\u00f3n de los criterios siguientes:<\/p>\n<\/div>\n\n<div class=\"wysiwyg__content--skinny\">\n<ul class=\"wp-block-list\">\n<li>\u200fPertinencia: \u00bfc\u00f3mo explora la obra de arte el tema de la campa\u00f1a y c\u00f3mo se relaciona con \u00e9l?\u200e<\/li>\n\n\n\n<li>Originalidad: la obra de arte es imaginativa, diferente o \u00fanica.\u200e<\/li>\n\n\n\n<li>Arte: \u00bfc\u00f3mo utiliza la obra de arte la creatividad y la t\u00e9cnica para expresar un significado?\u200e<\/li>\n<\/ul>\n<\/div>\n\n<div class=\"wysiwyg__content--skinny\">\n<p>\u00a1Mantente al d\u00eda para conocer a los artistas preseleccionados y a los ganadores que se anunciar\u00e1n el 30 de mayo, el D\u00eda Mundial de la Esclerosis M\u00faltiple!<\/p>\n<\/div>","protected":false},"excerpt":{"rendered":"<p>Este a\u00f1o, organizamos el primer concurso internacional de arte con motivo del D\u00eda Mundial de la Esclerosis M\u00faltiple. Invitamos a los participantes a expresar sus experiencias con la esclerosis m\u00faltiple y las conexiones que m\u00e1s les importan. Hemos reunido a un grupo internacional de artistas afectados por la esclerosis m\u00faltiple para preseleccionar y elegir a [&hellip;]<\/p>\n","protected":false},"author":43,"featured_media":32353,"comment_status":"closed","ping_status":"closed","sticky":false,"template":"","format":"standard","meta":{"_acf_changed":false,"footnotes":""},"categories":[1256],"tags":[],"class_list":["post-32528","post","type-post","status-publish","format-standard","has-post-thumbnail","hentry","category-2020-2023-ms-connections-es"],"acf":[],"yoast_head":"<!-- This site is optimized with the Yoast SEO plugin v27.5 - https:\/\/yoast.com\/product\/yoast-seo-wordpress\/ -->\n<title>\u200e\u00a1Conoce a los jueces del concurso de arte! - D\u00eda Mundial de la EM<\/title>\n<meta name=\"robots\" content=\"index, follow, max-snippet:-1, max-image-preview:large, max-video-preview:-1\" \/>\n<link rel=\"canonical\" href=\"https:\/\/worldmsday.org\/es\/conoce-a-los-jueces-del-concurso-de-arte\/\" \/>\n<meta property=\"og:locale\" content=\"es_ES\" \/>\n<meta property=\"og:type\" content=\"article\" \/>\n<meta property=\"og:title\" content=\"\u200e\u00a1Conoce a los jueces del concurso de arte! - D\u00eda Mundial de la EM\" \/>\n<meta property=\"og:description\" content=\"Este a\u00f1o, organizamos el primer concurso internacional de arte con motivo del D\u00eda Mundial de la Esclerosis M\u00faltiple. Invitamos a los participantes a expresar sus experiencias con la esclerosis m\u00faltiple y las conexiones que m\u00e1s les importan. Hemos reunido a un grupo internacional de artistas afectados por la esclerosis m\u00faltiple para preseleccionar y elegir a [&hellip;]\" \/>\n<meta property=\"og:url\" content=\"https:\/\/worldmsday.org\/es\/conoce-a-los-jueces-del-concurso-de-arte\/\" \/>\n<meta property=\"og:site_name\" content=\"D\u00eda Mundial de la EM\" \/>\n<meta property=\"article:publisher\" content=\"https:\/\/www.facebook.com\/worldmsday\" \/>\n<meta property=\"article:published_time\" content=\"2023-04-27T20:49:31+00:00\" \/>\n<meta property=\"article:modified_time\" content=\"2023-05-23T15:33:12+00:00\" \/>\n<meta property=\"og:image\" content=\"https:\/\/worldmsday.org\/wp-content\/uploads\/2023\/04\/FrLaaPBXoAAjy8V.jpg\" \/>\n\t<meta property=\"og:image:width\" content=\"2208\" \/>\n\t<meta property=\"og:image:height\" content=\"2208\" \/>\n\t<meta property=\"og:image:type\" content=\"image\/jpeg\" \/>\n<meta name=\"author\" content=\"Lili White\" \/>\n<meta name=\"twitter:card\" content=\"summary_large_image\" \/>\n<meta name=\"twitter:creator\" content=\"@WorldMSDay\" \/>\n<meta name=\"twitter:site\" content=\"@WorldMSDay\" \/>\n<meta name=\"twitter:label1\" content=\"Escrito por\" \/>\n\t<meta name=\"twitter:data1\" content=\"Lili White\" \/>\n\t<meta name=\"twitter:label2\" content=\"Tiempo de lectura\" \/>\n\t<meta name=\"twitter:data2\" content=\"5 minutos\" \/>\n<script type=\"application\/ld+json\" class=\"yoast-schema-graph\">{\"@context\":\"https:\\\/\\\/schema.org\",\"@graph\":[{\"@type\":\"Article\",\"@id\":\"https:\\\/\\\/worldmsday.org\\\/es\\\/conoce-a-los-jueces-del-concurso-de-arte\\\/#article\",\"isPartOf\":{\"@id\":\"https:\\\/\\\/worldmsday.org\\\/es\\\/conoce-a-los-jueces-del-concurso-de-arte\\\/\"},\"author\":{\"name\":\"Lili White\",\"@id\":\"https:\\\/\\\/worldmsday.org\\\/#\\\/schema\\\/person\\\/8824f7e35ff3c3c33509ff4edb604d81\"},\"headline\":\"\u200e\u00a1Conoce a los jueces del concurso de arte!\",\"datePublished\":\"2023-04-27T20:49:31+00:00\",\"dateModified\":\"2023-05-23T15:33:12+00:00\",\"mainEntityOfPage\":{\"@id\":\"https:\\\/\\\/worldmsday.org\\\/es\\\/conoce-a-los-jueces-del-concurso-de-arte\\\/\"},\"wordCount\":717,\"image\":{\"@id\":\"https:\\\/\\\/worldmsday.org\\\/es\\\/conoce-a-los-jueces-del-concurso-de-arte\\\/#primaryimage\"},\"thumbnailUrl\":\"https:\\\/\\\/worldmsday.org\\\/wp-content\\\/uploads\\\/2023\\\/04\\\/FrLaaPBXoAAjy8V.jpg\",\"articleSection\":[\"2020-2023 MS Connections\"],\"inLanguage\":\"es\"},{\"@type\":\"WebPage\",\"@id\":\"https:\\\/\\\/worldmsday.org\\\/es\\\/conoce-a-los-jueces-del-concurso-de-arte\\\/\",\"url\":\"https:\\\/\\\/worldmsday.org\\\/es\\\/conoce-a-los-jueces-del-concurso-de-arte\\\/\",\"name\":\"\u200e\u00a1Conoce a los jueces del concurso de arte! - D\u00eda Mundial de la EM\",\"isPartOf\":{\"@id\":\"https:\\\/\\\/worldmsday.org\\\/#website\"},\"primaryImageOfPage\":{\"@id\":\"https:\\\/\\\/worldmsday.org\\\/es\\\/conoce-a-los-jueces-del-concurso-de-arte\\\/#primaryimage\"},\"image\":{\"@id\":\"https:\\\/\\\/worldmsday.org\\\/es\\\/conoce-a-los-jueces-del-concurso-de-arte\\\/#primaryimage\"},\"thumbnailUrl\":\"https:\\\/\\\/worldmsday.org\\\/wp-content\\\/uploads\\\/2023\\\/04\\\/FrLaaPBXoAAjy8V.jpg\",\"datePublished\":\"2023-04-27T20:49:31+00:00\",\"dateModified\":\"2023-05-23T15:33:12+00:00\",\"author\":{\"@id\":\"https:\\\/\\\/worldmsday.org\\\/#\\\/schema\\\/person\\\/8824f7e35ff3c3c33509ff4edb604d81\"},\"breadcrumb\":{\"@id\":\"https:\\\/\\\/worldmsday.org\\\/es\\\/conoce-a-los-jueces-del-concurso-de-arte\\\/#breadcrumb\"},\"inLanguage\":\"es\",\"potentialAction\":[{\"@type\":\"ReadAction\",\"target\":[\"https:\\\/\\\/worldmsday.org\\\/es\\\/conoce-a-los-jueces-del-concurso-de-arte\\\/\"]}]},{\"@type\":\"ImageObject\",\"inLanguage\":\"es\",\"@id\":\"https:\\\/\\\/worldmsday.org\\\/es\\\/conoce-a-los-jueces-del-concurso-de-arte\\\/#primaryimage\",\"url\":\"https:\\\/\\\/worldmsday.org\\\/wp-content\\\/uploads\\\/2023\\\/04\\\/FrLaaPBXoAAjy8V.jpg\",\"contentUrl\":\"https:\\\/\\\/worldmsday.org\\\/wp-content\\\/uploads\\\/2023\\\/04\\\/FrLaaPBXoAAjy8V.jpg\",\"width\":2208,\"height\":2208},{\"@type\":\"BreadcrumbList\",\"@id\":\"https:\\\/\\\/worldmsday.org\\\/es\\\/conoce-a-los-jueces-del-concurso-de-arte\\\/#breadcrumb\",\"itemListElement\":[{\"@type\":\"ListItem\",\"position\":1,\"name\":\"Home\",\"item\":\"https:\\\/\\\/worldmsday.org\\\/es\\\/\"},{\"@type\":\"ListItem\",\"position\":2,\"name\":\"\u200e\u00a1Conoce a los jueces del concurso de arte!\"}]},{\"@type\":\"WebSite\",\"@id\":\"https:\\\/\\\/worldmsday.org\\\/#website\",\"url\":\"https:\\\/\\\/worldmsday.org\\\/\",\"name\":\"D\u00eda Mundial de la EM\",\"description\":\"30 de mayo de 2020\",\"potentialAction\":[{\"@type\":\"SearchAction\",\"target\":{\"@type\":\"EntryPoint\",\"urlTemplate\":\"https:\\\/\\\/worldmsday.org\\\/?s={search_term_string}\"},\"query-input\":{\"@type\":\"PropertyValueSpecification\",\"valueRequired\":true,\"valueName\":\"search_term_string\"}}],\"inLanguage\":\"es\"},{\"@type\":\"Person\",\"@id\":\"https:\\\/\\\/worldmsday.org\\\/#\\\/schema\\\/person\\\/8824f7e35ff3c3c33509ff4edb604d81\",\"name\":\"Lili White\"}]}<\/script>\n<!-- \/ Yoast SEO plugin. -->","yoast_head_json":{"title":"\u200e\u00a1Conoce a los jueces del concurso de arte! - D\u00eda Mundial de la EM","robots":{"index":"index","follow":"follow","max-snippet":"max-snippet:-1","max-image-preview":"max-image-preview:large","max-video-preview":"max-video-preview:-1"},"canonical":"https:\/\/worldmsday.org\/es\/conoce-a-los-jueces-del-concurso-de-arte\/","og_locale":"es_ES","og_type":"article","og_title":"\u200e\u00a1Conoce a los jueces del concurso de arte! - D\u00eda Mundial de la EM","og_description":"Este a\u00f1o, organizamos el primer concurso internacional de arte con motivo del D\u00eda Mundial de la Esclerosis M\u00faltiple. Invitamos a los participantes a expresar sus experiencias con la esclerosis m\u00faltiple y las conexiones que m\u00e1s les importan. Hemos reunido a un grupo internacional de artistas afectados por la esclerosis m\u00faltiple para preseleccionar y elegir a [&hellip;]","og_url":"https:\/\/worldmsday.org\/es\/conoce-a-los-jueces-del-concurso-de-arte\/","og_site_name":"D\u00eda Mundial de la EM","article_publisher":"https:\/\/www.facebook.com\/worldmsday","article_published_time":"2023-04-27T20:49:31+00:00","article_modified_time":"2023-05-23T15:33:12+00:00","og_image":[{"width":2208,"height":2208,"url":"https:\/\/worldmsday.org\/wp-content\/uploads\/2023\/04\/FrLaaPBXoAAjy8V.jpg","type":"image\/jpeg"}],"author":"Lili White","twitter_card":"summary_large_image","twitter_creator":"@WorldMSDay","twitter_site":"@WorldMSDay","twitter_misc":{"Escrito por":"Lili White","Tiempo de lectura":"5 minutos"},"schema":{"@context":"https:\/\/schema.org","@graph":[{"@type":"Article","@id":"https:\/\/worldmsday.org\/es\/conoce-a-los-jueces-del-concurso-de-arte\/#article","isPartOf":{"@id":"https:\/\/worldmsday.org\/es\/conoce-a-los-jueces-del-concurso-de-arte\/"},"author":{"name":"Lili White","@id":"https:\/\/worldmsday.org\/#\/schema\/person\/8824f7e35ff3c3c33509ff4edb604d81"},"headline":"\u200e\u00a1Conoce a los jueces del concurso de arte!","datePublished":"2023-04-27T20:49:31+00:00","dateModified":"2023-05-23T15:33:12+00:00","mainEntityOfPage":{"@id":"https:\/\/worldmsday.org\/es\/conoce-a-los-jueces-del-concurso-de-arte\/"},"wordCount":717,"image":{"@id":"https:\/\/worldmsday.org\/es\/conoce-a-los-jueces-del-concurso-de-arte\/#primaryimage"},"thumbnailUrl":"https:\/\/worldmsday.org\/wp-content\/uploads\/2023\/04\/FrLaaPBXoAAjy8V.jpg","articleSection":["2020-2023 MS Connections"],"inLanguage":"es"},{"@type":"WebPage","@id":"https:\/\/worldmsday.org\/es\/conoce-a-los-jueces-del-concurso-de-arte\/","url":"https:\/\/worldmsday.org\/es\/conoce-a-los-jueces-del-concurso-de-arte\/","name":"\u200e\u00a1Conoce a los jueces del concurso de arte! - D\u00eda Mundial de la EM","isPartOf":{"@id":"https:\/\/worldmsday.org\/#website"},"primaryImageOfPage":{"@id":"https:\/\/worldmsday.org\/es\/conoce-a-los-jueces-del-concurso-de-arte\/#primaryimage"},"image":{"@id":"https:\/\/worldmsday.org\/es\/conoce-a-los-jueces-del-concurso-de-arte\/#primaryimage"},"thumbnailUrl":"https:\/\/worldmsday.org\/wp-content\/uploads\/2023\/04\/FrLaaPBXoAAjy8V.jpg","datePublished":"2023-04-27T20:49:31+00:00","dateModified":"2023-05-23T15:33:12+00:00","author":{"@id":"https:\/\/worldmsday.org\/#\/schema\/person\/8824f7e35ff3c3c33509ff4edb604d81"},"breadcrumb":{"@id":"https:\/\/worldmsday.org\/es\/conoce-a-los-jueces-del-concurso-de-arte\/#breadcrumb"},"inLanguage":"es","potentialAction":[{"@type":"ReadAction","target":["https:\/\/worldmsday.org\/es\/conoce-a-los-jueces-del-concurso-de-arte\/"]}]},{"@type":"ImageObject","inLanguage":"es","@id":"https:\/\/worldmsday.org\/es\/conoce-a-los-jueces-del-concurso-de-arte\/#primaryimage","url":"https:\/\/worldmsday.org\/wp-content\/uploads\/2023\/04\/FrLaaPBXoAAjy8V.jpg","contentUrl":"https:\/\/worldmsday.org\/wp-content\/uploads\/2023\/04\/FrLaaPBXoAAjy8V.jpg","width":2208,"height":2208},{"@type":"BreadcrumbList","@id":"https:\/\/worldmsday.org\/es\/conoce-a-los-jueces-del-concurso-de-arte\/#breadcrumb","itemListElement":[{"@type":"ListItem","position":1,"name":"Home","item":"https:\/\/worldmsday.org\/es\/"},{"@type":"ListItem","position":2,"name":"\u200e\u00a1Conoce a los jueces del concurso de arte!"}]},{"@type":"WebSite","@id":"https:\/\/worldmsday.org\/#website","url":"https:\/\/worldmsday.org\/","name":"D\u00eda Mundial de la EM","description":"30 de mayo de 2020","potentialAction":[{"@type":"SearchAction","target":{"@type":"EntryPoint","urlTemplate":"https:\/\/worldmsday.org\/?s={search_term_string}"},"query-input":{"@type":"PropertyValueSpecification","valueRequired":true,"valueName":"search_term_string"}}],"inLanguage":"es"},{"@type":"Person","@id":"https:\/\/worldmsday.org\/#\/schema\/person\/8824f7e35ff3c3c33509ff4edb604d81","name":"Lili White"}]}},"_links":{"self":[{"href":"https:\/\/worldmsday.org\/es\/wp-json\/wp\/v2\/posts\/32528","targetHints":{"allow":["GET"]}}],"collection":[{"href":"https:\/\/worldmsday.org\/es\/wp-json\/wp\/v2\/posts"}],"about":[{"href":"https:\/\/worldmsday.org\/es\/wp-json\/wp\/v2\/types\/post"}],"author":[{"embeddable":true,"href":"https:\/\/worldmsday.org\/es\/wp-json\/wp\/v2\/users\/43"}],"replies":[{"embeddable":true,"href":"https:\/\/worldmsday.org\/es\/wp-json\/wp\/v2\/comments?post=32528"}],"version-history":[{"count":0,"href":"https:\/\/worldmsday.org\/es\/wp-json\/wp\/v2\/posts\/32528\/revisions"}],"wp:featuredmedia":[{"embeddable":true,"href":"https:\/\/worldmsday.org\/es\/wp-json\/wp\/v2\/media\/32353"}],"wp:attachment":[{"href":"https:\/\/worldmsday.org\/es\/wp-json\/wp\/v2\/media?parent=32528"}],"wp:term":[{"taxonomy":"category","embeddable":true,"href":"https:\/\/worldmsday.org\/es\/wp-json\/wp\/v2\/categories?post=32528"},{"taxonomy":"post_tag","embeddable":true,"href":"https:\/\/worldmsday.org\/es\/wp-json\/wp\/v2\/tags?post=32528"}],"curies":[{"name":"wp","href":"https:\/\/api.w.org\/{rel}","templated":true}]}}