{"id":20186,"date":"2019-06-17T15:13:26","date_gmt":"2019-06-17T14:13:26","guid":{"rendered":"https:\/\/wmsd2020.wpengine.com\/world-ms-day-2019-highlights\/"},"modified":"2020-04-21T15:34:34","modified_gmt":"2020-04-21T14:34:34","slug":"world-ms-day-2019-highlights","status":"publish","type":"post","link":"https:\/\/worldmsday.org\/es\/world-ms-day-2019-highlights\/","title":{"rendered":"World MS Day 2019 highlights!"},"content":{"rendered":"<div class=\"wysiwyg__content--skinny\">El D\u00eda mundial de la EM 2019 fue espectacular. Pusimos el foco de atenci\u00f3n en la EM y hablamos alto y claro sobre el impacto invisible de la EM en todo el mundo. Lograsteis titulares de noticias internacionales, organizasteis eventos incre\u00edbles y agitasteis las redes sociales con el hashtag #MyInvisibleMS. Juntos mostramos al mundo lo comprometida, internacional y creativa que puede ser la comunidad global de EM. \u00a1Gracias por vuestro magn\u00edfico apoyo!&nbsp;<\/p>\n<p>Este a\u00f1o, se celebraron m\u00e1s de 400 eventos en 79 pa\u00edses, \u00a1y la cifra sigue aumentando! Sigue leyendo para ver lo m\u00e1s destacado del D\u00eda Mundial de la EM 2019. Tambi\u00e9n puedes disfrutar de una colecci\u00f3n de fotograf\u00edas de todo el mundo en el <a href=\"https:\/\/www.facebook.com\/pg\/worldmsday\/photos\/?tab=album&amp;album_id=10157240231804185\">\u00c1lbum de Facebook<\/a> que se hicieron durante el D\u00eda Mundial de la EM.<\/p>\n<ul>\n<li><a href=\"https:\/\/worldmsday.org\/es\/world-ms-day-2019-highlights\/#disenando-el-futuro\">Dise\u00f1ando el futuro<\/a><\/li>\n<li><a href=\"https:\/\/worldmsday.org\/es\/world-ms-day-2019-highlights\/#cine-espectaculo-y-arte\">Cine, espect\u00e1culo y arte<\/a><\/li>\n<li><a href=\"https:\/\/worldmsday.org\/es\/world-ms-day-2019-highlights\/#celebraciones-comunitarias\">Celebraciones comunitarias<\/a><\/li>\n<li><a href=\"https:\/\/worldmsday.org\/es\/world-ms-day-2019-highlights\/#grandes-titulares\">Grandes titulares&nbsp;<\/a><\/li>\n<li><a href=\"https:\/\/worldmsday.org\/es\/world-ms-day-2019-highlights\/#iluminando-el-mundo\">Iluminando el mundo<\/a><\/li>\n<li><a href=\"https:\/\/worldmsday.org\/es\/world-ms-day-2019-highlights\/#poniendo-a-prueba-tus-limites\">Poniendo a prueba tus l\u00edmites <\/a><\/li>\n<li><a href=\"https:\/\/worldmsday.org\/es\/world-ms-day-2019-highlights\/#investigacion-y-educacion\">Investigaci\u00f3n y educaci\u00f3n<\/a><\/li>\n<li><a href=\"https:\/\/worldmsday.org\/es\/world-ms-day-2019-highlights\/#mensajes-de-famosos\">Mensajes de famosos<\/a><\/li>\n<\/ul>\n<p>JTNDYSUyMGlkJTNEJTIyZGlzZW5hbmRvLWVsLWZ1dHVybyUyMiUzRSUzQyUyRmElM0U=<figure class=\"wp-block-image size-large alignwide\"><img loading=\"lazy\" decoding=\"async\" width=\"800\" height=\"600\" src=\"https:\/\/worldmsday.org\/wp-content\/themes\/worldmsday\/assets\/images\/placeholder.svg\" class=\"attachment-large size-large lazyload\" alt=\"\" sizes=\"auto, (max-width: 800px) 100vw, 800px\" data-src=\"https:\/\/worldmsday.org\/wp-content\/uploads\/2019\/06\/Advocacy-800x600.jpg\" data-srcset=\"https:\/\/worldmsday.org\/wp-content\/uploads\/2019\/06\/Advocacy-800x600.jpg 800w, https:\/\/worldmsday.org\/wp-content\/uploads\/2019\/06\/Advocacy-600x450.jpg 600w, https:\/\/worldmsday.org\/wp-content\/uploads\/2019\/06\/Advocacy-768x576.jpg 768w, https:\/\/worldmsday.org\/wp-content\/uploads\/2019\/06\/Advocacy-490x367.jpg 490w, https:\/\/worldmsday.org\/wp-content\/uploads\/2019\/06\/Advocacy-284x213.jpg 284w, https:\/\/worldmsday.org\/wp-content\/uploads\/2019\/06\/Advocacy-360x270.jpg 360w, https:\/\/worldmsday.org\/wp-content\/uploads\/2019\/06\/Advocacy.jpg 1199w\"><noscript><img loading=\"lazy\" decoding=\"async\" width=\"800\" height=\"600\" src=\"https:\/\/worldmsday.org\/wp-content\/uploads\/2019\/06\/Advocacy-800x600.jpg\" class=\"attachment-large size-large lazyload\" alt=\"\" sizes=\"auto, (max-width: 800px) 100vw, 800px\" srcset=\"https:\/\/worldmsday.org\/wp-content\/uploads\/2019\/06\/Advocacy-800x600.jpg 800w, https:\/\/worldmsday.org\/wp-content\/uploads\/2019\/06\/Advocacy-600x450.jpg 600w, https:\/\/worldmsday.org\/wp-content\/uploads\/2019\/06\/Advocacy-768x576.jpg 768w, https:\/\/worldmsday.org\/wp-content\/uploads\/2019\/06\/Advocacy-490x367.jpg 490w, https:\/\/worldmsday.org\/wp-content\/uploads\/2019\/06\/Advocacy-284x213.jpg 284w, https:\/\/worldmsday.org\/wp-content\/uploads\/2019\/06\/Advocacy-360x270.jpg 360w, https:\/\/worldmsday.org\/wp-content\/uploads\/2019\/06\/Advocacy.jpg 1199w\"><\/noscript><\/figure><\/p>\n<h3>Dise\u00f1ando el futuro<\/h3>\n<p>El D\u00eda Mundial de la EM supone un gran impulso para las organizaciones de EM que intentan lograr cambios positivos en las pol\u00edticas, pr\u00e1cticas y actitudes hacia las personas con EM.<\/p>\n<p>Estos son solo algunos de los ejemplos sobre c\u00f3mo las organizaciones de EM han utilizado la campa\u00f1a de este a\u00f1o para lograr los objetivos de defensa y promoci\u00f3n.<strong>Marruecos<\/strong><\/p>\n<p>La <a href=\"https:\/\/www.facebook.com\/NORD-MA-SEP-269899520127018\/\">Asociaci\u00f3n de Esclerosis M\u00faltiple de Marruecos del Norte<\/a>, la<a href=\"https:\/\/www.facebook.com\/sep.maroc.fes\/\"> Asociaci\u00f3n de Pacientes con Esclerosis M\u00faltiple, HANA<\/a> y <a href=\"https:\/\/www.facebook.com\/AMMASEP\/\">la Asociaci\u00f3n de Gente Afectado de EM de Marruecos<\/a>&nbsp;utilizaron el D\u00eda Mundial de la EM como plataforma para recopilar firmas para su campa\u00f1a de promoci\u00f3n \u00abAcceso al tratamiento\u00bb.<\/p>\n<p><strong>Arabia Saudita<\/strong><\/p>\n<p><a href=\"http:\/\/arfams.org.sa\/\">La Asociaci\u00f3n de EM de Arabia Saudita<\/a>, Arfa utiliz\u00f3 el conjunto de herramientas del D\u00eda Mundial de la EM en las redes sociales para solicitar apoyo y reconocimiento a su <a href=\"https:\/\/twitter.com\/SaudiMOH\/status\/1134165408121012224\">Ministerio de Salud<\/a>. El Ministerio de Salud realiz\u00f3 diversas publicaciones sobre los s\u00edntomas invisibles de la EM en Twitter.<\/p>\n<p><strong>Francia<\/strong><\/p>\n<p><a href=\"http:\/\/www.ligue-sclerose.fr\/\">La Liga Francesa contra la Esclerosis M\u00faltiple<\/a> organiz\u00f3 <a href=\"https:\/\/twitter.com\/LFSEP\/status\/1134021811128217602\">un mesa redonda<\/a> con parlamentarios sobre el tema de la EM y los s\u00edntomas invisibles.<\/p>\n<p><strong>Macedonia<\/strong><\/p>\n<p>El Viceministro de Salud de Macedonia asisti\u00f3 a <a href=\"http:\/\/msmakedonija.eu.org\/allcategories-mk-mk\/2-uncategorised\/30-odbelezhan-svetskiot-den-na-multipla-skleroza\">un evento del D\u00eda Mundial<\/a> de la EM organizado por <a href=\"http:\/\/msmakedonija.eu.org\/\">la Asociaci\u00f3n Nacional de la EM de Macedonia<\/a>. El Viceministro de Salud prometi\u00f3 ofrecer su apoyo a las personas con EM en el sistema sanitario de Macedonia.<\/p>\n<p><strong>Espa\u00f1a<\/strong><\/p>\n<p>El Presidente del Gobierno espa\u00f1ol comparti\u00f3 <a href=\"https:\/\/twitter.com\/desdelamoncloa\/status\/1134013100380905472\">el v\u00eddeo de la campa\u00f1a #MyInvisibleMS<\/a> en las redes sociales gracias a los esfuerzos de <a href=\"https:\/\/www.esclerosismultiple.com\/\">Esclerosis M\u00faltiple&nbsp;Espa\u00f1a<\/a> (EME).<\/p>\n<p><strong>Montenegro<\/strong><\/p>\n<p><a href=\"http:\/\/udruzenjemultiplesklerozecrnegore.com\/\">La Asociaci\u00f3n de EM de Montenegro<\/a> organiz\u00f3 un <a href=\"https:\/\/www.facebook.com\/multiplasklerozacrnagora\/posts\/2199429800174084?__xts__%5B0%5D=68.ARDs4bK2qrfgm6kAKQX2_zKL_jZTtYnUzErZhklFR-TeCVQPhWJOsbsAS19DhLBLPynlJK8pXzMJ-K0Rz5iedC0htK_Zw10KY88J5VQ3AA1UapuUinf0D3qu-K_wbSd5b56IK3oJ26fyFO4ezbuHHgo9E_TYxhOs20ylI4WL7SL6gNr1I4y0mxykl7eL043ImmLSVmQQjiGVYxGsD9L0QwKmm1cVbrpg-GJwdGJdxAbwqxld92gzYkLrJPI601TE5h8n-UAoQckB1ne0E3aOZ50N3ijDzfrSCiLmgsWpabM0jxbQvMqJsX6lnT0qTyPf4k0kQFdvlqYNcJlVvrVojx3yZg&amp;__tn__=-R\">panel de debate<\/a> con representantes del Ministerio de Derechos Humanos y de las Minor\u00edas de Montenegro, la UE y el sistema legal. La reuni\u00f3n analiz\u00f3 la EM a trav\u00e9s de la lupa de la igualdad de g\u00e9nero.<\/p>\n<p><strong>Bahrein<\/strong><\/p>\n<p>El Ministerio de Salud de Bahrein respald\u00f3 el Evento Mundial de la EM de la <a href=\"https:\/\/twitter.com\/ms_society_bh\">Asociaci\u00f3n de EM de Bahrein<\/a> y realiz\u00f3 varias publicaciones sobre la EM durante <a href=\"https:\/\/www.instagram.com\/p\/ByCZxXOApby\/\">el D\u00eda Mundial de la EM. <\/a><\/p>\n<p><strong>Chile<\/strong><\/p>\n<p><a href=\"http:\/\/www.esclerosismultiplechile.cl\/\">Esclerosis M\u00faltiple Chile<\/a> utiliz\u00f3 el D\u00eda Mundial de la EM para avanzar en su <a href=\"https:\/\/www.facebook.com\/esclerosismultiplechile\/posts\/908063862865938?__xts__%5b0%5d=68.ARCGekvLc2mcNC8_quzH4hKvF99suH-fVJ8eJQVNaSUeYP7tCpxChI5HlTjGfeQ4UwxooKh4sPz4b63ye_F1JFROl7E6IlUAV12ELjJ9NCbikB26L1I_FZpBEJOwHE9D_kcJAmafhjkYZhBaYyySthOfpCZjumWbqs3K-IlLGMEJc5hYJMQRQZcR7JGpanTvjmbp1IiIbqlDAirEJp-jvMnCejObUFklvb5onQXpGHzcEOATZw_l1U8p24KADLL0RXNZw6JVUlCwslTL_SL4Ag5haa3rxZVAPk6n5jeBlmTuCU1-lMsMcndASOCys5bqEmdR-0yUe3SOj_d9fBtJqSg&amp;__tn__=-R\">campa\u00f1a de acceso<\/a> al tratamiento. El Tesorer\u00eda de Chile ha acordado ofrecer fondos estatales para ayudar a las personas con EM para que puedan pagar los tratamientos m\u00e1s costosos.JTNDYSUyMGlkJTNEJTIyY2luZS1lc3BlY3RhY3Vsby15LWFydGUlMjIlM0UlM0MlMkZhJTNF<figure class=\"wp-block-image size-large alignwide\"><img loading=\"lazy\" decoding=\"async\" width=\"791\" height=\"600\" src=\"https:\/\/worldmsday.org\/wp-content\/themes\/worldmsday\/assets\/images\/placeholder.svg\" class=\"attachment-large size-large lazyload\" alt=\"\" sizes=\"auto, (max-width: 791px) 100vw, 791px\" data-src=\"https:\/\/worldmsday.org\/wp-content\/uploads\/2019\/06\/India-791x600.png\" data-srcset=\"https:\/\/worldmsday.org\/wp-content\/uploads\/2019\/06\/India-791x600.png 791w, https:\/\/worldmsday.org\/wp-content\/uploads\/2019\/06\/India-600x455.png 600w, https:\/\/worldmsday.org\/wp-content\/uploads\/2019\/06\/India-768x582.png 768w, https:\/\/worldmsday.org\/wp-content\/uploads\/2019\/06\/India-490x372.png 490w, https:\/\/worldmsday.org\/wp-content\/uploads\/2019\/06\/India-284x215.png 284w, https:\/\/worldmsday.org\/wp-content\/uploads\/2019\/06\/India-356x270.png 356w, https:\/\/worldmsday.org\/wp-content\/uploads\/2019\/06\/India.png 1183w\"><noscript><img loading=\"lazy\" decoding=\"async\" width=\"791\" height=\"600\" src=\"https:\/\/worldmsday.org\/wp-content\/uploads\/2019\/06\/India-791x600.png\" class=\"attachment-large size-large lazyload\" alt=\"\" sizes=\"auto, (max-width: 791px) 100vw, 791px\" srcset=\"https:\/\/worldmsday.org\/wp-content\/uploads\/2019\/06\/India-791x600.png 791w, https:\/\/worldmsday.org\/wp-content\/uploads\/2019\/06\/India-600x455.png 600w, https:\/\/worldmsday.org\/wp-content\/uploads\/2019\/06\/India-768x582.png 768w, https:\/\/worldmsday.org\/wp-content\/uploads\/2019\/06\/India-490x372.png 490w, https:\/\/worldmsday.org\/wp-content\/uploads\/2019\/06\/India-284x215.png 284w, https:\/\/worldmsday.org\/wp-content\/uploads\/2019\/06\/India-356x270.png 356w, https:\/\/worldmsday.org\/wp-content\/uploads\/2019\/06\/India.png 1183w\"><\/noscript><\/figure><\/p>\n<h3>Cine, espect\u00e1culo y arte<\/h3>\n<p>Nos llen\u00f3 de ilusi\u00f3n ver la creatividad de todas las personas durante la campa\u00f1a de este a\u00f1o. Echa un vistazo a estos maravillosos ejemplos de cine, espect\u00e1culo y arte de la EM en todo el mundo.<strong>Australia<\/strong><\/p>\n<p><a href=\"https:\/\/www.msaustralia.org.au\/\">EM Australia<\/a> cre\u00f3 una preciosa <a href=\"https:\/\/www.facebook.com\/MSAustralia\/videos\/396616654395234\/?__xts__%5b0%5d=68.ARClki3RPwQhlIU2YH1kDUPRtzwpGclFczPHK2ykHo08BI_WL4-FOMC-WXxBKrdyTH7eL_SxOF-nkp7999JAKVlw_RMz2cSOLLwJtoELthoxOuJygAr-sB5h6eaJYMRHRrFjXIQhJn2WGOpMqHOEtBmONt8nKtcUSqL4GhXf8QK659MOl8HiHdYttieLI1Lr-q8YdUDvoy9ww7B6_LItE1UYTBc1B1keoJShZc_H0zrtBMGBvakeifrhCSwduCRfPN9uZrfKL90DbFFMHJ7TxJDBSOTN-pg48JI8xqL5ZazLG4Kssm3oJH7fLo5SqKboYBt1_Z9gEGS1BYEGBq2sDWZcBXzuhCyp&amp;__tn__=-R\">animaci\u00f3n<\/a>, que representa la experiencia de una mujer con los s\u00edntomas invisibles de la EM a trav\u00e9s de im\u00e1genes impresionantes.<\/p>\n<p><strong>Austria<\/strong><\/p>\n<p><a href=\"http:\/\/www.oemsg.at\/\">La Asociaci\u00f3n de EM de Viena<\/a> organiz\u00f3 una <a href=\"https:\/\/www.facebook.com\/watch\/?v=666897050448483\">exposici\u00f3n de arte<\/a> y la proyecci\u00f3n de &#8216;Equilibrio&#8217;, una pel\u00edcula que analiza el impacto de la EM en una familia.<\/p>\n<p><strong>B\u00e9lgica<\/strong><\/p>\n<p><a href=\"http:\/\/www.liguesep.be\/\">La Asociaci\u00f3n Nacional Belga de EM<\/a> llev\u00f3 a cabo una subasta de arte y realiz\u00f3 una <a href=\"https:\/\/www.facebook.com\/lbsp.cf\/videos\/2464417350246637\/?__xts__%5b0%5d=68.ARB9C-AN2Lh3jV888_I_czvZrUYG__WgKoHG5qOUkhd3LUaPnJX84_QnpoiyWn377kBVisuEBWdi44CKfV-jS6xvyaXUwchp9AUDDZkBUUK1jkmLU5STe4JvBodeZ8NEYDj-Lrmsu4Lcp56bBVcUyAFK9zdswteY-J6WnFsIhOBVtttrtA7kFpa4V-BUZNFAm-qcXi9-Wc9tU15ZGaefycf3bAjxFnbFklwy4l7CuhH27t8RKbWXOMic3Cnj5ExTn7OeTsQ69fp1gH5fIqIxu0R9JcWIzZ-nsqaMqYOm3P1nQt0liC8kEdxULOg6D1L4prGTgOEAns5holXxIqaLMUx971MtyDfMoytpORpWuQogn6tB23XG5VCSNJ-eMlgaXCpar6bIefsA47grHNAhtaxbw16UADdYFT0XwdOFCDVmbATsMRNH1Xy7rDXOROSbyQyJjmZPTL8_czmqqZguyX9fSXZRJzQI8DKLtHARvOQfa9NG1CNhaGEAkX8REuxcRtX9&amp;__tn__=H-R\">pel\u00edcula<\/a> conmovedora sobre la experiencia de un estudiante que vive con EM.<\/p>\n<p><strong>Portugal<\/strong><\/p>\n<p><a href=\"http:\/\/www.spem.pt\/\">La Asociaci\u00f3n Portuguesa de EM<\/a> organiz\u00f3 <a href=\"https:\/\/www.facebook.com\/alexandre.g.dasilva.39\/videos\/vb.1091334205\/10213796855610871\/?type=2&amp;theater\">una exposici\u00f3n<\/a> itinerante con 12 de los s\u00edntomas invisibles m\u00e1s comunes de la EM. La exposici\u00f3n se celebrar\u00e1 en 12 distritos diferentes de todo Portugal.<\/p>\n<p><strong>Brasil<\/strong><\/p>\n<p>En S\u00e3o Paulo, Brasil, <a href=\"http:\/\/abem.org.br\/\">La Asociaci\u00f3n Brasile\u00f1a de EM<\/a> lanz\u00f3 el documental, <a href=\"https:\/\/www.facebook.com\/events\/2306820626306432\/\">\u2018El diario de Lidwina\u2019<\/a> del director de cine brasile\u00f1o Leanardo Gamber. Este maravilloso documental se compone de una serie de conversaciones con personas con EM, sus seres queridos y m\u00e9dicos.<\/p>\n<p><strong>Luxemburgo<\/strong><\/p>\n<p>En Luxemburgo, <a href=\"http:\/\/www.msweb.lu\/\">la Asociaci\u00f3n de EM de Luxemburgo<\/a> proyect\u00f3 la <a href=\"https:\/\/www.facebook.com\/watch\/?v=390927138161920\">pel\u00edcula \u2018Peque\u00f1as nubes grises\u2019<\/a>. Es una pel\u00edcula hermosamente grabada y dirigida por la directora alemana, Sabine Merina, a quien se le diagnostic\u00f3 EM en 2011.<\/p>\n<p><strong>Arabia Saudita<\/strong><\/p>\n<p><a href=\"http:\/\/www.saedms.org.sa\/\">La Asociaci\u00f3n Ben\u00e9fica Saed<\/a> apoy\u00f3 a los pacientes EM realizando <a href=\"https:\/\/twitter.com\/saedms_org\/status\/1130580575943843840\">una exposici\u00f3n de pintura<\/a> para concienciar acerca de la enfermedad.<\/p>\n<p><strong>Polonia<\/strong><\/p>\n<p><a href=\"https:\/\/www.ptsr.org.pl\/\">La Asociaci\u00f3n Polaca de EM<\/a> cre\u00f3 un fant\u00e1stico <a href=\"https:\/\/www.facebook.com\/permalink.php?story_fbid=10156513414201701&amp;id=257932486700&amp;__xts__%5b0%5d=68.ARB5a0TFvzQCtV0sdaMi1Sr8t8huPL7cjjdJ5VeLLM-V7G6LVBmYmcprLV_Dyt0fqj5aIsoQF6uoMi_2yNAZy5B9gzO6YRc7l64rNaeqkVxAkaD859DCiGDlB30b1iK4fTOuF51xaqmhXvr_Pb_O_SGLgwXB7Q7p-hBUQ5yWFQEyYlhos1U0NA7jt4VDz0Gq4kyepKHUekng8JRJDVUiMED9fCCp3aceP7T_i9C0rX5EIINr-v1RjWT5Fsoys3F4w8l5a9N7LrfSAl_NBebO-3b4-5bEJmU104sBzbD90u6C-u7C-7297rD8t_n4Q-jHONOxr14IrwdjYMlbGXyJ&amp;__tn__=-R\">c\u00f3mic<\/a> sobre los s\u00edntomas invisibles de la EM en el lugar de trabajo. La historia ayuda a abordar las ideas equivocadas acerca de la enfermedad concienzando sobre el impacto invisible de la EM. El c\u00f3mic muestra que existen muchas formas a trav\u00e9s de las cuales los jefes y compa\u00f1eros pueden ayudar a las personas con EM en el lugar de trabajo.<\/p>\n<p><strong>India<\/strong><\/p>\n<p><a href=\"http:\/\/www.mssocietyindia.org\/\">La Asociaci\u00f3n de EM de la India<\/a> organiz\u00f3 <a href=\"https:\/\/www.facebook.com\/worldmsday\/posts\/10157186912144185?__xts__%5b0%5d=68.ARCpkPvdDSZmSJpY2GQrdM6_Kt4eWgRg5hLL9KmSrOm_9CLxgIUjVI1PLYglqfi1qQI0GQchR8KTHzx4Bs7_wE12aQxVtpvBhHevkNFNo3MPPFJwcezL0xZIoG6LeR54ejr-Kf08SU0wCJiMKUnt4fy1wPmdh0TvvJ8_-QwtbXC1jAKbOAU8kkhjjTQgjkKViJKShX-FdWUXt6PYTSiuUEnE4xvmVWu5LmBm6_7CotP1XAgmIyFE3oBsKpvjDohYLZr0lcv7zqwM3CIqx-wjwMfgqASZElQ55HeNG-XYkvCt-9mVyEV9vfSOq3r6pEZ7-PgnLRWk7XkB2ePtbCkhq87zpYnvuQ&amp;__tn__=-R\">\u2018Seeing the Unseen\u2019<\/a> (Ver lo invisible), una exposici\u00f3n fotogr\u00e1fica en Bengaluru que muestra la experiencia de vivir con EM.<\/p>\n<p><strong>Bosnia y Herzegovina<\/strong><\/p>\n<p>Asociaciones de EM de Bosnia y Herzegovina se reunieron para organizar <a href=\"https:\/\/www.facebook.com\/msksarajevo\/posts\/306618960259203?__tn__=-R\">exposiciones de fotograf\u00eda<\/a> el D\u00eda Mundial de la EM en 4 ciudades. El objetivo de la exposici\u00f3n era hacer hincapi\u00e9 en el impacto personal de la EM y mejorar el acceso a los tratamientos.JTNDYSUyMGlkJTNEJTIyY2VsZWJyYWNpb25lcy1jb211bml0YXJpYXMlMjIlM0UlM0MlMkZhJTNF<figure class=\"wp-block-image size-large alignwide\"><img loading=\"lazy\" decoding=\"async\" width=\"1200\" height=\"468\" src=\"https:\/\/worldmsday.org\/wp-content\/themes\/worldmsday\/assets\/images\/placeholder.svg\" class=\"attachment-large size-large lazyload\" alt=\"\" sizes=\"auto, (max-width: 1200px) 100vw, 1200px\" data-src=\"https:\/\/worldmsday.org\/wp-content\/uploads\/2019\/06\/Malaysia-1366x533.png\" data-srcset=\"https:\/\/worldmsday.org\/wp-content\/uploads\/2019\/06\/Malaysia-1366x533.png 1366w, https:\/\/worldmsday.org\/wp-content\/uploads\/2019\/06\/Malaysia-600x234.png 600w, https:\/\/worldmsday.org\/wp-content\/uploads\/2019\/06\/Malaysia-768x300.png 768w, https:\/\/worldmsday.org\/wp-content\/uploads\/2019\/06\/Malaysia-490x191.png 490w, https:\/\/worldmsday.org\/wp-content\/uploads\/2019\/06\/Malaysia-284x111.png 284w, https:\/\/worldmsday.org\/wp-content\/uploads\/2019\/06\/Malaysia-470x183.png 470w, https:\/\/worldmsday.org\/wp-content\/uploads\/2019\/06\/Malaysia.png 1888w\"><noscript><img loading=\"lazy\" decoding=\"async\" width=\"1200\" height=\"468\" src=\"https:\/\/worldmsday.org\/wp-content\/uploads\/2019\/06\/Malaysia-1366x533.png\" class=\"attachment-large size-large lazyload\" alt=\"\" sizes=\"auto, (max-width: 1200px) 100vw, 1200px\" srcset=\"https:\/\/worldmsday.org\/wp-content\/uploads\/2019\/06\/Malaysia-1366x533.png 1366w, https:\/\/worldmsday.org\/wp-content\/uploads\/2019\/06\/Malaysia-600x234.png 600w, https:\/\/worldmsday.org\/wp-content\/uploads\/2019\/06\/Malaysia-768x300.png 768w, https:\/\/worldmsday.org\/wp-content\/uploads\/2019\/06\/Malaysia-490x191.png 490w, https:\/\/worldmsday.org\/wp-content\/uploads\/2019\/06\/Malaysia-284x111.png 284w, https:\/\/worldmsday.org\/wp-content\/uploads\/2019\/06\/Malaysia-470x183.png 470w, https:\/\/worldmsday.org\/wp-content\/uploads\/2019\/06\/Malaysia.png 1888w\"><\/noscript><\/figure><\/p>\n<h3>Celebraciones comunitarias<\/h3>\n<p>La comunidad global de EM celebr\u00f3 el D\u00eda Mundial de la EM de forma solidaria. Cantando en Per\u00fa, con charlas en Kenia, conferencias en China y encuentros en Palestina: todos se reunieron para mostrar su apoyo. \u00a1Gracias por participar en la celebraci\u00f3n de este d\u00eda!<strong>Eslovaquia<\/strong><\/p>\n<p><a href=\"https:\/\/www.szsm.sk\/\">La Asociaci\u00f3n de EM de Eslovaquia<\/a> organiz\u00f3 tres eventos \u2018<a href=\"https:\/\/worldmsday.org\/msevent\/coffee-with-ms-4\/\">Caf\u00e9 con EM<\/a>\u2019. Profesionales sanitarios, cuidadores y personas con EM se reunieron para hablar acerca de lo que significa vivir con EM en un ambiente muy agradable.<\/p>\n<p><strong>Kenia<\/strong><\/p>\n<p><a href=\"https:\/\/mskenyasite.wordpress.com\/\">La Asociaci\u00f3n de EM de Kenia<\/a> celebr\u00f3 el D\u00eda Mundial de la EM con <a href=\"https:\/\/mskenyasite.wordpress.com\/world-ms-day-2019\/\">m\u00fasica, charlas comunitarias y un nuevo logotipo<\/a>.<\/p>\n<p><strong>Palestina<\/strong><\/p>\n<p><a href=\"https:\/\/www.facebook.com\/mspf.palestine\/about?section=bio&amp;lst=100033834770285%3A100000602138833%3A1560938623\">La Asociaci\u00f3n de Amigos de la EM de Palestina<\/a> reuni\u00f3 a miembros, amigos y familiares para <a href=\"https:\/\/worldmsday.org\/msevent\/ramadan-iftar-for-world-ms-day\/\">celebrar el elIftar del Ramad\u00e1n<\/a> y el D\u00eda Mundial de la EM.<\/p>\n<p><strong>Hungr\u00eda<\/strong><\/p>\n<p><a href=\"https:\/\/www.msmba.hu\/\">La Fundaci\u00f3n de Pacientes de EM de Hungr\u00eda<\/a> organiz\u00f3 un <a href=\"https:\/\/www.msmba.hu\/ketnapos-program-a-2019-es-sm-vilagnapon-gyulan\/?fbclid=IwAR2UKipk4N1kfEntGPHa9nzQl3yUM2Cc4E63sAy-lH-4GsRNqJta6QKIloU\">evento<\/a> de dos d\u00edas para que 200 personas de todo el pa\u00eds asistieran a programas y sesiones culturales con profesionales sanitarios.<\/p>\n<p>and sessions with health professionals.&nbsp;<strong>Uruguay<\/strong><\/p>\n<p><a href=\"http:\/\/emur.org.uy\/wp\/\">Esclerosis M\u00faltiple Uruguay<\/a> invit\u00f3 al p\u00fablico a \u00ab<a href=\"https:\/\/www.facebook.com\/EMURoficial\/posts\/2097614763872005?__xts__%5b0%5d=68.ARDTD-6tIvbAegeC4QqwCbebM7ek29Puli_Qxoa87sTA707XIP82zV2zjtswlgJm1IJXA4ceWrfmUSRzxKAKcwBEFCkHKAs3vLJOVEYzDbNMufLzX_25HWBNvB5h0sYWpR2oKaOLvbsnVcxH6ThWQsxf3sbkQIUqa1B7wD5aFEm_2VtvEnyOf-Ncnni0ZsV7p3fNYfgydoadnyeWlvHTMwztCvTCDw-OW02r-6DrRjdg6s3NT5NyITMjVZHujYn899Bw1xFo-YLLzh6_da0qxhCNoZVBN-v-E_NxHpdjGpnnAr-RAQgdZy1RIu5phUkOnGsO_tuZ5Ge3oDln3z_GCy3RQYYeBw1G4j1UI5WICYJ0JlfjnQ1aT6_l534kgJpnTsIMNJ3epQdHkYMoWiRcmrnYEMzQN0x4wuGeK4NhukwxAxCjw5u1RasTHTovyqQ57ZnH6arwkpz7iM_25oh6UXWCpACTgowtz9zfMDtTmpcz&amp;__tn__=H-R\">sentir lo que siento<\/a>\u00bb en su carpa de simulaci\u00f3n de s\u00edntomas invisibles. Esta experiencia interactiva ayud\u00f3 a las personas a comprender algunos de los problemas invisibles a los que enfrentan las personas con EM.<\/p>\n<p><strong>China <\/strong><\/p>\n<p>Los miembros de <a href=\"http:\/\/www.mszj.com\/plugin.php?id=appbyme_app:download\">MS Home<\/a> de Pek\u00edn se reunieron para presentar <a href=\"https:\/\/www.facebook.com\/worldmsday\/posts\/10157201736174185?__xts__%5B0%5D=68.ARC9DzWaorc2v6D50fwOkDmC_f8Uy48K7eNB3TSBHsaYLzTwrFmmVrmdhha45grbM8gm0-89AAG1eSNBstOBZqD6KVru3VPpNWFHRVn9cbStLbBEotprt-b2oy4gbcrLHq9YYyIqiZcZc3-ZS02O-ub8UQF5eFUwD-P17g9y9J74djUsu0j_Ue7xgRWvVtnAJBmcy5hdTjCcRPF-5WcvFo4r6xVdENOb8NNCghSoYesUp-xcBg6CXnd0btCqAT0rPbcncEXJJMQqyjpUb0PpYBaE86ObUimH6pVNw0AUabSuImiIMURJi3KJXtDdPIzVTxcF39WhTjfEHRIkoA&amp;__tn__=-R\">una nueva Financiaci\u00f3n<\/a> para la EM en asociaci\u00f3n con la Fundaci\u00f3n Illness Challenge.<\/p>\n<p><strong>Per\u00fa<\/strong><\/p>\n<p><a href=\"http:\/\/esclerosismultipleperu.org\/\">&nbsp;Esclerosis M\u00faltiple Per\u00fa<\/a> celebr\u00f3&nbsp;un&nbsp; inolvidable D\u00eda Mundial de la EM con <a href=\"https:\/\/www.facebook.com\/AsociacionESMUP\/posts\/2244758522270719?__xts__%5B0%5D=68.ARCKRI0c9setf4tBxlN0vJNBJ3Jb4WpmyHXk3jYqezHzr6QFYb-cv1c0okXcYZwS793RKnCRgMZqDnae_wMHAYnWpOLKUuSLTCCMu5C1sBLyqfRgwxTSRGZLnrWxwFUTz_QccoJfBxhkShhai6L1cm60iZW8S7XvdwyuakJ8RcNZXdygy0NXTf7FiF-Di9W2A9Y0WIvHfk4uq27I1-5eHkIVlVNT-jzPUHC1-zfaVG5fzta-wERcuRODVIitc2-jtqZ2eDQoNA9UEimfUNCyqg4mBYBP1l28K9G8OBEqqRBui1G3BMBKpp5ZySoPkDWRo6fqQnVZIEWlz48w5S2FM65xPg&amp;__tn__=-R\">estallidos<\/a> de m\u00fasica, risas, bailes y diversi\u00f3n.<\/p>\n<p><strong>Jap\u00f3n<\/strong><\/p>\n<p><a href=\"http:\/\/www.jmss-s.jp\/\">La Asociaci\u00f3n Japonesa de EM<\/a> llev\u00f3 el D\u00eda Mundial de la EM a las calles soleadas de Tokio. Un equipo de <a href=\"http:\/\/www.jmss-s.jp\/news\/news190530.pdf\">47 voluntarios<\/a> reparti\u00f3 6.250 folletos sobre la EM a la ciudadan\u00eda para concienciar acerca de la enfermedad en Jap\u00f3n.<strong>Corea del Sur<\/strong><\/p>\n<p><a href=\"http:\/\/www.kmss.or.kr\/\">La Asociaci\u00f3n Coreana de EM<\/a> se reuni\u00f3 en un parque local <a href=\"https:\/\/www.facebook.com\/watch\/?v=358399131449975\">para sensibilizar<\/a> compartiendo fotos y mensajes de esperanza con la gente.<\/p>\n<p><strong>Malasia<\/strong><\/p>\n<p>La asociaci\u00f3n <a href=\"https:\/\/www.facebook.com\/PENANG-OF-MULTIPLE-SCLEROSIS-SUPPORT-GROUP-ASSOCIATION-173348009354\/\">grupo de apoyo a la EM de Penang<\/a> celebr\u00f3 el D\u00eda Mundial de la EM junto con su d\u00e9cimo aniversario. <a href=\"https:\/\/www.facebook.com\/worldmsday\/posts\/10157203892359185?__xts__%5b0%5d=68.ARD8I8NmMlBzkf3zBznFzekil5C5DcQHQBo6EHAyoaWa9EAVhvGbnZ3Q6ExHnEcPwMGf5k-3SoGPG66cGNogFApYrGPKZYU5QfjNnBgawIWFQqCslKDdUSZSQFoMJYMNO7grOZIUH-FJ9sacPNitwaXi4cbEoXTidmV4WjkRK-CmCfZuHxWDTuHnaM76IFgrGOm-C7X54386xh-MT6QYLEL9MYU7NGp5Akibj_yA9jZDBBTumf7pm3RSZw6RgvOuUuA4SmdRMpNmSMGghMM-88ASRbCsUiWkVbczgpAzyEieVbY2AaUTyhyeXp8&amp;__tn__=-R\">Las celebraciones<\/a> incluyeron actuaciones musicales e historias de personas con EM.<\/p>\n<p><strong>Argentina<\/strong><\/p>\n<p><a href=\"http:\/\/www.alcem.org.ar\/\">La Asociaci\u00f3n de Lucha Contra la EM<\/a> de Argentina cre\u00f3 <a href=\"https:\/\/www.facebook.com\/worldmsday\/posts\/10157201389874185?__xts__%5B0%5D=68.ARARxZ1M5Wxy6yRCINeI0pdbmt_8v6YDBbQdMq8s578C-dkUHs9h1uMUEh2iRzgCmDFM721VETBu_kHPB7rmcDpdf7sVVYFDlsFqiylFgqk_pc9UqoJJbuc77gwJWsU3_UJtX68gnq3OYmDgkNjXlZ_tUq6xFxZP4MjKti_ElGz5mBbeBcieDyc7Nq5uGJSB_v2tz4MWxNNmWbXYQflYoCIewpoBuhnzcs02_1o3MkDel0fi3wDRhYfQa0tefLOJmtsRJr-RVL2jySSBJusRobqw4ALcNtoGdN2sFKW36h7AfN0L52fJRFtwiOc4WwMK68LzlcecGDGVJ-ByOoTprKUFuppNPlPRmmdfRHZ8RzWI2KeqOmpAmBsTJNCsMEfT7hdEE-Xj_rRdzsBAr1UJ8T9C9l0PF1HOB6aCEKJGTOoqLf_61owv8GYkMWuUySdczPUU_wkbk1hbUd-DB3d7djiLxv0VshO94n6vLUr4dqI&amp;__tn__=-R\">una cabina de simulaci\u00f3n invisible<\/a> en Buenos Aires, donde los visitantes pod\u00edan experimentar 6 tipos de simulaciones invisibles.JTNDYSUyMGlkJTNEJTIyZ3JhbmRlcy10aXR1bGFyZXMlMjIlM0UlM0MlMkZhJTNF<figure class=\"wp-block-image size-large alignwide\"><img loading=\"lazy\" decoding=\"async\" width=\"800\" height=\"600\" src=\"https:\/\/worldmsday.org\/wp-content\/themes\/worldmsday\/assets\/images\/placeholder.svg\" class=\"attachment-large size-large lazyload\" alt=\"\" sizes=\"auto, (max-width: 800px) 100vw, 800px\" data-src=\"https:\/\/worldmsday.org\/wp-content\/uploads\/2019\/06\/Namibia-800x600.png\" data-srcset=\"https:\/\/worldmsday.org\/wp-content\/uploads\/2019\/06\/Namibia-800x600.png 800w, https:\/\/worldmsday.org\/wp-content\/uploads\/2019\/06\/Namibia-600x450.png 600w, https:\/\/worldmsday.org\/wp-content\/uploads\/2019\/06\/Namibia-768x576.png 768w, https:\/\/worldmsday.org\/wp-content\/uploads\/2019\/06\/Namibia-490x367.png 490w, https:\/\/worldmsday.org\/wp-content\/uploads\/2019\/06\/Namibia-284x213.png 284w, https:\/\/worldmsday.org\/wp-content\/uploads\/2019\/06\/Namibia-360x270.png 360w, https:\/\/worldmsday.org\/wp-content\/uploads\/2019\/06\/Namibia.png 1199w\"><noscript><img loading=\"lazy\" decoding=\"async\" width=\"800\" height=\"600\" src=\"https:\/\/worldmsday.org\/wp-content\/uploads\/2019\/06\/Namibia-800x600.png\" class=\"attachment-large size-large lazyload\" alt=\"\" sizes=\"auto, (max-width: 800px) 100vw, 800px\" srcset=\"https:\/\/worldmsday.org\/wp-content\/uploads\/2019\/06\/Namibia-800x600.png 800w, https:\/\/worldmsday.org\/wp-content\/uploads\/2019\/06\/Namibia-600x450.png 600w, https:\/\/worldmsday.org\/wp-content\/uploads\/2019\/06\/Namibia-768x576.png 768w, https:\/\/worldmsday.org\/wp-content\/uploads\/2019\/06\/Namibia-490x367.png 490w, https:\/\/worldmsday.org\/wp-content\/uploads\/2019\/06\/Namibia-284x213.png 284w, https:\/\/worldmsday.org\/wp-content\/uploads\/2019\/06\/Namibia-360x270.png 360w, https:\/\/worldmsday.org\/wp-content\/uploads\/2019\/06\/Namibia.png 1199w\"><\/noscript><\/figure><\/p>\n<h3>Grandes titulares<\/h3>\n<p>El D\u00eda Mundial de la EM ha tenido un alcance fant\u00e1stico este a\u00f1o. \u00a1Juntos hemos llegado a cientos de miles de personas de todo el mundo!<strong>L\u00edbano<\/strong><\/p>\n<p><a href=\"https:\/\/www.facebook.com\/alsep.mslebanon\/\">La Sociedad de Amigos Libaneses de Pacientes con Esclerosis M\u00faltiple<\/a> tuvo la oportunidad de hablar sobre la EM en la <a href=\"https:\/\/www.youtube.com\/watch?v=QZ7cE28YlFk&amp;feature=youtu.be&amp;fbclid=IwAR0HRm63iq2QfJFwwDAfSFHicyQ_hmov290mzZchQ4A6TWQ1kJbrRN4Rsjs\">televisi\u00f3n nacional<\/a> con una entrevista sobre la campa\u00f1a #MyInvisibleMS en la MTV de L\u00edbano.<\/p>\n<p><strong>Reino Unido<\/strong><\/p>\n<p>El D\u00eda Mundial de la EM lleg\u00f3 a la portada de la revista m\u00e1s importante sobre discapacidades y estilo de vida del Reino Unido, . <a href=\"http:\/\/enablemagazine.co.uk\/discussing-myinvisiblems-this-world-ms-day\/\">Enable<\/a> comparti\u00f3 el conjunto de herramientas #MyInvisibleMS y pidi\u00f3 a sus lectores que compartieran su trayectoria invisible de EM.<\/p>\n<p><strong>UK<\/strong><\/p>\n<p>World MS Day made it onto the front page of the UK\u2019s leading disability and lifestyle magazine, <a href=\"http:\/\/enablemagazine.co.uk\/discussing-myinvisiblems-this-world-ms-day\/\">Enable<\/a>. Enable shared the #MyInvisibleMS toolkit and asked their audience to share their invisible MS journey.<\/p>\n<p><strong>Bolivia<\/strong><\/p>\n<p><a href=\"https:\/\/www.facebook.com\/asbocem.bolivia\">El Presidente de la Sociedad Boliviana de EM<\/a> compareci\u00f3 en directo en &#8216;<a href=\"https:\/\/www.facebook.com\/contactobolivia\/videos\/652086408619343\/\">Contacto Bolivia<\/a>&#8216; en una entrevista de radio para hablar sobre la EM.<\/p>\n<p><strong>Yemen<\/strong><\/p>\n<p>El evento del D\u00eda Mundial de la EM de la <a href=\"http:\/\/www.adenms.org\/\">Asociaci\u00f3n de EM de Yemen<\/a> tuvo <a href=\"http:\/\/yafa.news\/archives\/390101\">cabida<\/a> en la radio nacional y en peri\u00f3dicos locales como \u2018News Yemen\u2019<\/p>\n<p><strong>Namibia<\/strong><\/p>\n<p><a href=\"http:\/\/msnamibia.org\/\">MS Namibia<\/a> public\u00f3 un art\u00edculo sobre el D\u00eda Mundial de la <a href=\"https:\/\/economist.com.na\/44419\/health\/multiple-sclerosis-namibia-bank-windhoek-commemorate-world-ms-day\/\">EM en el Economista de Namibia<\/a>.<\/p>\n<p><strong>Kuwait<\/strong><\/p>\n<p>El evento de <a href=\"https:\/\/twitter.com\/mskworg\">La Asociaci\u00f3n de EM de Kuwait<\/a> tuvo <a href=\"https:\/\/www.youtube.com\/watch?v=oD_5zwUWRBY&amp;feature=youtu.be&amp;t=726&amp;fbclid=IwAR3u8qfB8PkGSFOt9oyfR-Ss-cS70VJbHwi_Czis-9GQAAiC2PDia2m73qk\">su momento<\/a> m\u00e1s destacado en la televisi\u00f3n nacional, adem\u00e1s de una entrevista al Presidente de la Asociaci\u00f3n sobre la EM y la campa\u00f1a #MyInvisibleMS.JTNDYSUyMGlkJTNEJTIyaWx1bWluYW5kby1lbC1tdW5kbyUyMiUzRSUzQyUyRmElM0U=<figure class=\"wp-block-image size-large alignwide\"><img loading=\"lazy\" decoding=\"async\" width=\"800\" height=\"600\" src=\"https:\/\/worldmsday.org\/wp-content\/themes\/worldmsday\/assets\/images\/placeholder.svg\" class=\"attachment-large size-large lazyload\" alt=\"\" sizes=\"auto, (max-width: 800px) 100vw, 800px\" data-src=\"https:\/\/worldmsday.org\/wp-content\/uploads\/2019\/06\/Greece-800x600.png\" data-srcset=\"https:\/\/worldmsday.org\/wp-content\/uploads\/2019\/06\/Greece-800x600.png 800w, https:\/\/worldmsday.org\/wp-content\/uploads\/2019\/06\/Greece-600x450.png 600w, https:\/\/worldmsday.org\/wp-content\/uploads\/2019\/06\/Greece-768x576.png 768w, https:\/\/worldmsday.org\/wp-content\/uploads\/2019\/06\/Greece-490x368.png 490w, https:\/\/worldmsday.org\/wp-content\/uploads\/2019\/06\/Greece-284x213.png 284w, https:\/\/worldmsday.org\/wp-content\/uploads\/2019\/06\/Greece-360x270.png 360w, https:\/\/worldmsday.org\/wp-content\/uploads\/2019\/06\/Greece.png 960w\"><noscript><img loading=\"lazy\" decoding=\"async\" width=\"800\" height=\"600\" src=\"https:\/\/worldmsday.org\/wp-content\/uploads\/2019\/06\/Greece-800x600.png\" class=\"attachment-large size-large lazyload\" alt=\"\" sizes=\"auto, (max-width: 800px) 100vw, 800px\" srcset=\"https:\/\/worldmsday.org\/wp-content\/uploads\/2019\/06\/Greece-800x600.png 800w, https:\/\/worldmsday.org\/wp-content\/uploads\/2019\/06\/Greece-600x450.png 600w, https:\/\/worldmsday.org\/wp-content\/uploads\/2019\/06\/Greece-768x576.png 768w, https:\/\/worldmsday.org\/wp-content\/uploads\/2019\/06\/Greece-490x368.png 490w, https:\/\/worldmsday.org\/wp-content\/uploads\/2019\/06\/Greece-284x213.png 284w, https:\/\/worldmsday.org\/wp-content\/uploads\/2019\/06\/Greece-360x270.png 360w, https:\/\/worldmsday.org\/wp-content\/uploads\/2019\/06\/Greece.png 960w\"><\/noscript><\/figure><\/p>\n<h3>Iluminando el mundo<\/h3>\n<p>Importantes lugares emblem\u00e1ticos de todo el mundo se iluminaron con el verdadero estilo del D\u00eda Mundial de la EM.<strong>Chile<\/strong><\/p>\n<p>8 edificios de 6 ciudades se iluminaron en Chile como parte de la campa\u00f1a <a href=\"http:\/\/www.esclerosismultiplechile.cl\/\">#IluminEMosChile <\/a>de la <a href=\"http:\/\/www.esclerosismultiplechile.cl\/2019\/05\/31\/iquique-y-la-serena-se-iluminan-de-naranjo-en-el-dia-mundial-de-la-em-19\/\">Esclerosis M\u00faltiple Chile.<\/a><\/p>\n<p><strong>Escocia<\/strong><\/p>\n<p><a href=\"https:\/\/www.mssociety.org.uk\/contact-us\/scotland\">La Asociaci\u00f3n Escocesa de EM<\/a> ilumin\u00f3 de naranja varios <a href=\"https:\/\/www.facebook.com\/mssocietyscotland\/posts\/10156582391183198?__xts__%5b0%5d=68.ARDL2GGCxA8zoDgExnF6qIqU85ivK6p24aVLLvHJu7JVMzEMMP5r-Fzh4lDI4K6eNxEu4kixwSb5RikRKsB5rk2SqRFhtvWlyrzi_dOCC5kum8w4vWFBpTYpE_TAwEDa8d5Ud61-3QFaAY7Z3wCm4NG1L74fcyeqFhQX2GMr73e20f93GtyhUQ76xFsoqCSWMnKCScDActBioP8w_ZFhP_fWAeAa_7nqFvtHNK9WLaTY8zPp_FCsRcDSFYK0qR8Otcy_NxJqJOfj-MsUl5I02MH3XhRGTkHx4gxTKuRZGqAfAliAA5rCePRIdeNs24XiBcQKedDlcREzJwzKyw&amp;__tn__=-R\">lugares emblem\u00e1ticos<\/a> en todo el pa\u00eds, incluidos los &#8216;Kelpies&#8217; escoceses y el pabell\u00f3n SSE Hydro.<\/p>\n<p><strong>Canad\u00e1<\/strong><\/p>\n<p>Durante el mes de mayo, <a href=\"https:\/\/mssociety.ca\/\">la Asociaci\u00f3n Canadiense de EM<\/a> ha<a href=\"https:\/\/twitter.com\/MSSocietyCanada\/status\/1134550721213411329\"> iluminado lugares emblem\u00e1ticos<\/a> de Canad\u00e1 como la CN \u200b\u200bTower de color rojo.<\/p>\n<p><strong>Grecia<\/strong><\/p>\n<p><a href=\"https:\/\/trikalaview.gr\/i-kentriki-gefyra-ton-trikalon-forese-to-portokali-chroma-tis-pollaplis-sklirynsis\/?fbclid=IwAR08xNqsiJAwg6NvTndN4PB4vx7RaDs5QlK8bSAtkdiaEou0ywCaxvQ5txU\"> El Puente Central de Trikala<\/a> se ilumin\u00f3 y adorn\u00f3 con globos naranjas y <a href=\"https:\/\/www.gmss.gr\/\">la Asociaci\u00f3n Griega de EM<\/a> continu\u00f3 su tradici\u00f3n anual iluminando la Torre blanca de Tesal\u00f3nica.<\/p>\n<p><strong>Panam\u00e1<\/strong><\/p>\n<p>The Asociaci\u00f3n Nacional de Pacientes con Esclerosis M\u00faltiple, Familiares y Amigos (<a href=\"http:\/\/www.anpemufa.org\/\">MS Panama<\/a>) ilumin\u00f3 diferentes <a href=\"https:\/\/www.facebook.com\/anpemufa\/posts\/2318793001692243?__xts__%5b0%5d=68.ARDJzB8UmrPvmqIeULIR8FubZ2w7FrN2T4x7cdY-VfE0tH9AJnMQ23qf64CF6rMT7jgW_CO_iKt9KsPuReKNtU2jeYQKC9LSkqrLKbsY53NUAVSfEvTJp4tsWtPANa-yvcQyZ63rSDF9-xc7OQkse0VwHrcGHM7c5z93uOh-hDZA__I4_APQ1B_5AZaIrtrD_SX8KipVBlavNmx6-t71Bj132lJ9KMrXn4kK1FmSEC5p0-g669vjyfcqopa2APkVm6ZiGalKRkZoB53RCgn1Th8M4Vx0lNWIl6GpI1pQDZtuDh620Uk-RRq_baBwFOeqMnVdf-yaToBdc5eOp77rLlRmSgyWBobLnEkp_VhEsO92zH75ga2HoYwJJe_oJjqFXpoTIJ6lSWWujqpszy00xQKPLbj5KsPEGnuCKAck-johf6PCxgA&amp;__tn__=-R\">monumentos<\/a> de la ciudad de Panam\u00e1, como el Global Bank, el Edificio de Administraci\u00f3n del Canal de Panam\u00e1 y la Alcald\u00eda.JTNDYSUyMGlkJTNEJTIycG9uaWVuZG8tYS1wcnVlYmEtdHVzLWxpbWl0ZXMlMjIlM0UlM0MlMkZhJTNF<figure class=\"wp-block-image size-large alignwide\"><img loading=\"lazy\" decoding=\"async\" width=\"870\" height=\"600\" src=\"https:\/\/worldmsday.org\/wp-content\/themes\/worldmsday\/assets\/images\/placeholder.svg\" class=\"attachment-large size-large lazyload\" alt=\"\" sizes=\"auto, (max-width: 870px) 100vw, 870px\" data-src=\"https:\/\/worldmsday.org\/wp-content\/uploads\/2019\/06\/Macedonia-870x600.png\" data-srcset=\"https:\/\/worldmsday.org\/wp-content\/uploads\/2019\/06\/Macedonia-870x600.png 870w, https:\/\/worldmsday.org\/wp-content\/uploads\/2019\/06\/Macedonia-600x414.png 600w, https:\/\/worldmsday.org\/wp-content\/uploads\/2019\/06\/Macedonia-768x529.png 768w, https:\/\/worldmsday.org\/wp-content\/uploads\/2019\/06\/Macedonia-490x338.png 490w, https:\/\/worldmsday.org\/wp-content\/uploads\/2019\/06\/Macedonia-284x196.png 284w, https:\/\/worldmsday.org\/wp-content\/uploads\/2019\/06\/Macedonia-392x270.png 392w, https:\/\/worldmsday.org\/wp-content\/uploads\/2019\/06\/Macedonia.png 1233w\"><noscript><img loading=\"lazy\" decoding=\"async\" width=\"870\" height=\"600\" src=\"https:\/\/worldmsday.org\/wp-content\/uploads\/2019\/06\/Macedonia-870x600.png\" class=\"attachment-large size-large lazyload\" alt=\"\" sizes=\"auto, (max-width: 870px) 100vw, 870px\" srcset=\"https:\/\/worldmsday.org\/wp-content\/uploads\/2019\/06\/Macedonia-870x600.png 870w, https:\/\/worldmsday.org\/wp-content\/uploads\/2019\/06\/Macedonia-600x414.png 600w, https:\/\/worldmsday.org\/wp-content\/uploads\/2019\/06\/Macedonia-768x529.png 768w, https:\/\/worldmsday.org\/wp-content\/uploads\/2019\/06\/Macedonia-490x338.png 490w, https:\/\/worldmsday.org\/wp-content\/uploads\/2019\/06\/Macedonia-284x196.png 284w, https:\/\/worldmsday.org\/wp-content\/uploads\/2019\/06\/Macedonia-392x270.png 392w, https:\/\/worldmsday.org\/wp-content\/uploads\/2019\/06\/Macedonia.png 1233w\"><\/noscript><\/figure><\/p>\n<h3>Poniendo a prueba tus l\u00edmites<\/h3>\n<p>Cruzaste la l\u00ednea de meta, hiciste un esfuerzo extra y te echaste a la calle para apoyar la EM. Estos son algunos de los principales retos del D\u00eda Mundial de la EM este a\u00f1o.<strong>Egipto<\/strong><\/p>\n<p>M\u00e1s de 300 personas asistieron al paseo en bicicleta del D\u00eda Mundial de la EM de <a href=\"http:\/\/mscaregypt.org\/\">MS Care Egypt<\/a>. Despu\u00e9s de <a href=\"https:\/\/www.facebook.com\/MsCareEgypt\/posts\/1390996401043551?__xts__%5b0%5d=68.ARBTqpd5OoyU3iTYg43pEmHFOWVQvbpoeDzDAYkOnGsr47C8tmpa958cOwmaOSC895ZLWhDS3Uew4S8M4MYMkN0QKrsLWnyo1HgRFkAEpx_pRTtYx4T2NNsxiCGn8ge8iNVK1vtRAuGoim8Oc2o7ijGdtWnJffHmftVJsDVdGMBlf5JDBySjDjh9MEXfN790-R1ZF9-RJZK2MMgsNYfKUTE6VMICLLrI5HLhYuZYX8FeGd-wtG3TczpHaP9UHKEHaiBav5u3fe83WSHh1BNTsfewsbYAhGywVZVOKftfqDm9V6sqDJYHFIYAul3vV5H5xKl0c3OlTc-6oiekqY6jI6zjFw&amp;__tn__=-R\">montar en bici<\/a>, los profesionales sanitarios dieron una charla y 3 personas que viven con EM compartieron sus vivencias.<\/p>\n<p><strong>Italia<\/strong><\/p>\n<p><a href=\"https:\/\/www.aism.it\/\">La Asociaci\u00f3n Italiana de EM<\/a> cre\u00f3 <a href=\"https:\/\/www.facebook.com\/worldmsday\/posts\/10157201642779185?__xts__%5B0%5D=68.ARDGIVvumnLRVk4URa5KVHoUtzXcM-1uQu2P_Cd7qSaIeclFSsNmq2E7gXlHjvkDKyVw4btFa7l5OfzVSUvQ8lDlQuk1fzJti_hwenNI8xK9UnSj306rqNZk23v6sqf7SDOPeY6_RRRiC5m-zkyj22_Luzqh2BhH6MVlqqHUacH6HObQcrs8gbBSqzISLmyTAU9IxAfsIhxcHsK24UaJVzLFfNeMHCWCrA_QVjxMzhAXJd3jRUUYEWUuowFQ9wC6MJLuRnCSyXMfkce_I9yw69AXITL0JEN7yxBzrMU3hHuD-EKu1xHhqlm03rz-1nAsBBhoxDzq4EU2XdKEG-YtWc2BXibdASosHg8VIlO-\">#FingerRun<\/a>, una marat\u00f3n digital para apoyar la investigaci\u00f3n cient\u00edfica sobre la EM. El juego tiene como objetivo que los jugadores de todo el mundo recorran 42 km en 12 horas jugando online. Los jugadores pueden participar en la carrera con cientos de personas mientras recaudan dinero para la investigaci\u00f3n de la EM.<\/p>\n<p><strong>Eslovenia<\/strong><\/p>\n<p><a href=\"http:\/\/www.zdruzenje-ms.si\/\">La Asociaci\u00f3n Eslovena de EM<\/a> organiz\u00f3 un <a href=\"https:\/\/www.youtube.com\/watch?v=KK5p4mxFu3g&amp;feature=youtu.be&amp;fbclid=IwAR0a4JhI9SCz8EhX56Y_xmojnAW-F0uGcrXVOShPH3KK--YdqLmXOpjoycs\">Caminata y Paseo<\/a> de EM en Liubliana. El evento de 1,6 km comenz\u00f3 frente al palacio presidencial y termin\u00f3 en el exterior de una hermosa casa de campo suiza en el bosque de Liubliana.&nbsp;<\/p>\n<p><strong>Slovenia<\/strong><\/p>\n<p>The <a href=\"http:\/\/www.zdruzenje-ms.si\/\">Slovenian MS Association<\/a> organised an <a href=\"https:\/\/www.youtube.com\/watch?v=KK5p4mxFu3g&amp;feature=youtu.be&amp;fbclid=IwAR0a4JhI9SCz8EhX56Y_xmojnAW-F0uGcrXVOShPH3KK--YdqLmXOpjoycs\">\u2018MS Walk &amp; Drive\u2019<\/a> in Ljubljana. The 1.6km event began in front of the Presidential Palace and ended outside a beautiful Swiss cottage in the Ljubljana forest.<\/p>\n<p><strong>Macedonia<\/strong><\/p>\n<p><a href=\"http:\/\/msmakedonija.eu.org\/\">La Asociaci\u00f3n Macedonia de EM<\/a> organiz\u00f3 el evento<a href=\"https:\/\/www.facebook.com\/worldmsday\/posts\/10157181918759185?__xts__%5b0%5d=68.ARAm3P6d6cqTPjgrk6W5xm7j-Sys6NkrzApI6ZSL_uuCJTGbGa1Ltnvwk-OhRLU7Aj-mocOUcZ7q0KYSjd0ABjrbavGXciX-Y8tNemj6686cblHZuxVozCAKPrnPxUB8lZDjI8S_PlYUSC9y6ifrsm40ROTZKgvh7LRopzO9cQAjNuUUWfPGRJgx_6trIim4B1s1enzWec3z-vOer8upHfZXxdK1iXSvO9Vvjt0u8YasbMXDD43Yyv1qO0mhq_3KgL3gE4CUwJUT9vBglArhrVwFZP5n57Uav7SjilRSCtJ-ldwjwdw-srW56-4&amp;__tn__=-R\"> \u2018Carrera para la EM\u2019<\/a> en la marat\u00f3n de Skopje.<\/p>\n<p><strong>Croacia<\/strong><\/p>\n<p>El Equipo de <a href=\"http:\/\/mstim.hr\/\">EM de Croacia<\/a> organiz\u00f3 una <a href=\"http:\/\/mstim.hr\/\">caminata de EM<\/a> en Zagreb en el lago Bundek. El evento tambi\u00e9n incluy\u00f3 una charla, una sesi\u00f3n de pilates e incluso una sesi\u00f3n de m\u00fasica.JTNDYSUyMGlkJTNEJTIyaW52ZXN0aWdhY2lvbi15LWVkdWNhY2lvbiUyMiUzRSUzQyUyRmElM0U=<figure class=\"wp-block-image size-large alignwide\"><img loading=\"lazy\" decoding=\"async\" width=\"880\" height=\"600\" src=\"https:\/\/worldmsday.org\/wp-content\/themes\/worldmsday\/assets\/images\/placeholder.svg\" class=\"attachment-large size-large lazyload\" alt=\"\" sizes=\"auto, (max-width: 880px) 100vw, 880px\" data-src=\"https:\/\/worldmsday.org\/wp-content\/uploads\/2019\/06\/Slovenia-3-880x600.png\" data-srcset=\"https:\/\/worldmsday.org\/wp-content\/uploads\/2019\/06\/Slovenia-3-880x600.png 880w, https:\/\/worldmsday.org\/wp-content\/uploads\/2019\/06\/Slovenia-3-600x409.png 600w, https:\/\/worldmsday.org\/wp-content\/uploads\/2019\/06\/Slovenia-3-768x524.png 768w, https:\/\/worldmsday.org\/wp-content\/uploads\/2019\/06\/Slovenia-3-490x334.png 490w, https:\/\/worldmsday.org\/wp-content\/uploads\/2019\/06\/Slovenia-3-284x194.png 284w, https:\/\/worldmsday.org\/wp-content\/uploads\/2019\/06\/Slovenia-3-396x270.png 396w, https:\/\/worldmsday.org\/wp-content\/uploads\/2019\/06\/Slovenia-3.png 1183w\"><noscript><img loading=\"lazy\" decoding=\"async\" width=\"880\" height=\"600\" src=\"https:\/\/worldmsday.org\/wp-content\/uploads\/2019\/06\/Slovenia-3-880x600.png\" class=\"attachment-large size-large lazyload\" alt=\"\" sizes=\"auto, (max-width: 880px) 100vw, 880px\" srcset=\"https:\/\/worldmsday.org\/wp-content\/uploads\/2019\/06\/Slovenia-3-880x600.png 880w, https:\/\/worldmsday.org\/wp-content\/uploads\/2019\/06\/Slovenia-3-600x409.png 600w, https:\/\/worldmsday.org\/wp-content\/uploads\/2019\/06\/Slovenia-3-768x524.png 768w, https:\/\/worldmsday.org\/wp-content\/uploads\/2019\/06\/Slovenia-3-490x334.png 490w, https:\/\/worldmsday.org\/wp-content\/uploads\/2019\/06\/Slovenia-3-284x194.png 284w, https:\/\/worldmsday.org\/wp-content\/uploads\/2019\/06\/Slovenia-3-396x270.png 396w, https:\/\/worldmsday.org\/wp-content\/uploads\/2019\/06\/Slovenia-3.png 1183w\"><\/noscript><\/figure><\/p>\n<h3>Investigaci\u00f3n y educaci\u00f3n<\/h3>\n<p>Muchos de vosotros utilizasteis el D\u00eda Mundial de la EM 2019 para obtener m\u00e1s informaci\u00f3n sobre la investigaci\u00f3n y la vida con EM. Aqu\u00ed presentamos algunos de los momentos m\u00e1s destacados en cuanto a investigaci\u00f3n y educaci\u00f3n.<strong>Suecia<\/strong><\/p>\n<p><a href=\"https:\/\/neuro.se\/\">Neurof\u00f6rbundet<\/a> de Suecia organiz\u00f3 una series de <a href=\"https:\/\/worldmsday.org\/msevent\/lecture-in-gotenburg-in-swedish\/\">conferencias<\/a> sobre investigaci\u00f3n de la EM y <a href=\"https:\/\/worldmsday.org\/msevent\/podcasts\/\">podcasts<\/a> sobre la vida con la EM.<\/p>\n<p>L\u00edbano<\/p>\n<p><a href=\"https:\/\/www.facebook.com\/alsep.mslebanon\/\">La Sociedad de Amigos Libaneses de Pacientes con Esclerosis M\u00faltiple<\/a> se asoci\u00f3 con la  para organizar una sesi\u00f3n de preguntas y respuestas con m\u00e9dicos de EM, as\u00ed como un seminario con un coach personal para personas con EM.<\/p>\n<p><strong>Lebanon<\/strong><\/p>\n<p><u><a href=\"https:\/\/www.facebook.com\/alsep.mslebanon\/\">The Society of Lebanese Friends of Patients with Multiple Sclerosis<\/a><\/u> partnered with the Lebanese Society of Neurology to host a <a href=\"https:\/\/www.facebook.com\/alsep.mslebanon\/posts\/2292345890861553?__xts__%5b0%5d=68.ARCUC6_edZaU48xFYz-_65HuIhY08ij9oQ84EPceXis26AcDKyOJeo0MZR1MAy-z2aL3bUFM9R9th5ac1lN4N0v0hYgICGdm_zcqc4oTnoqWI4-4fn-N972IGRmt-OPv7AEG5QD_5ybWCqrBRnILXRwcwO-jtfCR0SvkAd6DydhDLyki-d0gyZdkcZkKqvSIucnlsAjFjzVU-Nf10czI2C9H1Sx0Ek7GYVHmEjsFJqNUE9VbZVdYWN1SxqpnbNLsdKDWjBlPPwHwZnKcGvTaD-8DFwwVr9dkefNiLe3ektOCslWhgUZsWmxwzkPP4l4kG6YOsWN4UujL44Zp99y2KjAvrWnB_XAdSycAeDlTByTkBcs42hUqBxrTJh77FoLn-q5ijgAswBbN5hSn0clsgQuiMkC8aPaBrK5l7X8ueYozrdSYNniybGl4H9qPpo1npnc6zsmGq4YuQjx_l48yhy-hY1zoK6b52uCQWgjjmmc_TICJFsJtxxc-T0kzCGuoXzFquY4GNuV9eEriAntxX6PxSITa7Bq0EdQgHdHRoQ&amp;__tn__=-R\">Q&amp;A session<\/a> with MS doctors as well as a Life Coach seminar for people with MS.<\/p>\n<p><strong>Letonia<\/strong><\/p>\n<p><a href=\"http:\/\/www.mslapa.lv\/site\/\">La Asociaci\u00f3n de Esclerosis M\u00faltiple de Letonia<\/a> realiz\u00f3 una serie de una <a href=\"http:\/\/www.mslapa.lv\/site\/30972\">serie de seminarios<\/a> sobre planificaci\u00f3n familiar, s\u00edntomas y bienestar para personas con EM, cuidadores y profesionales sanitarios.<\/p>\n<p><strong>Irlanda<\/strong><\/p>\n<p><a href=\"http:\/\/www.ms-society.ie\/\">MS Ireland<\/a> se asoci\u00f3 con neuro-fisioterapeutas y trabajadores comunitarios para organizar un <a href=\"http:\/\/www.ms-society.ie\/events\/15110\">evento informativo<\/a> sobre la gesti\u00f3n de los s\u00edntomas invisibles de la EM.<\/p>\n<p><strong>Hong Kong<\/strong><\/p>\n<p><a href=\"http:\/\/hkmss.org\/wordpress\/\">La Sociedad de Esclerosis M\u00faltiple de Hong Kong<\/a> elabor\u00f3 una serie de <a href=\"http:\/\/hkmss.org\/wordpress\/index.php\/public-resources\/educational-videos\/\">v\u00eddeos educativos<\/a> sobre los s\u00edntomas invisibles y la vida con EM.JTNDYSUyMGlkJTNEJTIybWVuc2FqZXMtZGUtZmFtb3NvcyUyMiUzRSUzQyUyRmElM0U=<figure class=\"wp-block-image size-large alignwide\"><img loading=\"lazy\" decoding=\"async\" width=\"1200\" height=\"467\" src=\"https:\/\/worldmsday.org\/wp-content\/themes\/worldmsday\/assets\/images\/placeholder.svg\" class=\"attachment-large size-large lazyload\" alt=\"\" sizes=\"auto, (max-width: 1200px) 100vw, 1200px\" data-src=\"https:\/\/worldmsday.org\/wp-content\/uploads\/2019\/06\/Famous-4-1366x532.png\" data-srcset=\"https:\/\/worldmsday.org\/wp-content\/uploads\/2019\/06\/Famous-4-1366x532.png 1366w, https:\/\/worldmsday.org\/wp-content\/uploads\/2019\/06\/Famous-4-600x234.png 600w, https:\/\/worldmsday.org\/wp-content\/uploads\/2019\/06\/Famous-4-768x299.png 768w, https:\/\/worldmsday.org\/wp-content\/uploads\/2019\/06\/Famous-4-490x191.png 490w, https:\/\/worldmsday.org\/wp-content\/uploads\/2019\/06\/Famous-4-284x111.png 284w, https:\/\/worldmsday.org\/wp-content\/uploads\/2019\/06\/Famous-4-470x183.png 470w, https:\/\/worldmsday.org\/wp-content\/uploads\/2019\/06\/Famous-4.png 1881w\"><noscript><img loading=\"lazy\" decoding=\"async\" width=\"1200\" height=\"467\" src=\"https:\/\/worldmsday.org\/wp-content\/uploads\/2019\/06\/Famous-4-1366x532.png\" class=\"attachment-large size-large lazyload\" alt=\"\" sizes=\"auto, (max-width: 1200px) 100vw, 1200px\" srcset=\"https:\/\/worldmsday.org\/wp-content\/uploads\/2019\/06\/Famous-4-1366x532.png 1366w, https:\/\/worldmsday.org\/wp-content\/uploads\/2019\/06\/Famous-4-600x234.png 600w, https:\/\/worldmsday.org\/wp-content\/uploads\/2019\/06\/Famous-4-768x299.png 768w, https:\/\/worldmsday.org\/wp-content\/uploads\/2019\/06\/Famous-4-490x191.png 490w, https:\/\/worldmsday.org\/wp-content\/uploads\/2019\/06\/Famous-4-284x111.png 284w, https:\/\/worldmsday.org\/wp-content\/uploads\/2019\/06\/Famous-4-470x183.png 470w, https:\/\/worldmsday.org\/wp-content\/uploads\/2019\/06\/Famous-4.png 1881w\"><\/noscript><\/figure><\/p>\n<h3>Mensajes de famosos<\/h3>\n<p>La actriz estadounidense <a href=\"https:\/\/twitter.com\/WorldMSDay\/status\/1134147053842522112?s=20\">Selma Blair escribi\u00f3<\/a> acerca del D\u00eda Mundial de la EM en Instagram. El Premio N\u00f3bel celebr\u00f3 el d\u00eda con una publicaci\u00f3n sobre el N\u00f3bel de F\u00edsica, <a href=\"https:\/\/www.facebook.com\/search\/top\/?q=Physics%20Laureate%2C%20Michael%20Kosterlitz&amp;epa=SEARCH_BOX\">Michael Kosterlitz<\/a>. El actor y modelo indio, Milind Soman public\u00f3 <a href=\"https:\/\/www.facebook.com\/shankar.travelphotographer\/videos\/10216669701227652\/\">un mensaje de v\u00eddeo<\/a> para apoyar el D\u00eda Mundial de la EM. El cantante espa\u00f1ol David Bisbal public\u00f3<a href=\"https:\/\/twitter.com\/esclerosiseme\/status\/1134125334729842688?s=20\"> un mensaje<\/a> de sensibilizaci\u00f3n. La celebridad pakistan\u00ed, Iman Aly, <a href=\"https:\/\/www.instagram.com\/p\/ByD2biQHXy0\/?utm_source=ig_web_button_share_sheet\">public\u00f3 un selfie<\/a> sobre sus s\u00edntomas invisibles de EM y la actriz francesa Virginie Desarnauts (embajadora de la Fundaci\u00f3n ARSEP) <a href=\"https:\/\/twitter.com\/WorldMSDay\/status\/1134103484570198022?s=20\">envi\u00f3 un v\u00eddeo<\/a> para apoyar la campa\u00f1a #MyInvisibleMS. \u00a1Muchas gracias a nuestros amigos famosos que ayudaron a difundir el mensaje en todas partes!<\/p>\n<h3>\u00a1Gracias!<\/h3>\n<div>El D\u00eda Mundial de la EM de este a\u00f1o nos ha ofrecido grandes cosas de las que sentirnos orgullosos.&nbsp;<\/div>\n<div>&nbsp;<\/div>\n<div>Vuestros diferentes enfoques del tema de este a\u00f1o ha ayudado a que la campa\u00f1a fuera interesante y atractiva. Desde seminarios de investigaci\u00f3n y reuniones con responsables pol\u00edticos, hasta reuniones divertidas entre comunidades de personas afectadas por la EM.&nbsp;<\/div>\n<div>&nbsp;<\/div>\n<div>En cuanto a las actividades en Internet, ha sido fant\u00e1stico ver a tantas personas haciendo uso del conjunto de herramientas #MyInvisibleMS. Miles de vosotros hab\u00e9is creado vuestro propio cartel con&nbsp;<a title=\"\" href=\"https:\/\/worldmsday.org\/poster-maker-gallery\/\" target=\"_blank\" rel=\"noopener noreferrer\">la nueva herramienta de creaci\u00f3n de carteles<\/a>&nbsp;del D\u00eda Mundial de la EM. El mensaje \u00abMi EM invisible\u00bb ha llegado a personas que viven con EM de todo el mundo.<\/div>\n<div>&nbsp;<\/div>\n<div>Completa&nbsp;<a title=\"\" href=\"https:\/\/www.surveymonkey.com\/r\/PKGWCDM\" target=\"_blank\" rel=\"noopener noreferrer\">la evaluaci\u00f3n del D\u00eda Mundial de la EM 2019<\/a>&nbsp;y d\u00edganos qu\u00e9 piensa de la campa\u00f1a #MiEMinvisible.&nbsp;<\/div>\n<div>Nota: La evaluaci\u00f3n est\u00e1 disponible solamente en ingl\u00e9s.<\/div>\n<div>&nbsp;<\/div>\n<div>\u00a1Gracias y felicidades a todos por este maravilloso D\u00eda Mundial de la EM 2019!<\/div>\n<\/div>\n","protected":false},"excerpt":{"rendered":"<p>El D\u00eda mundial de la EM 2019 fue espectacular. Pusimos el foco de atenci\u00f3n en la EM y hablamos alto y claro sobre el impacto invisible de la EM en todo el mundo. Lograsteis titulares de noticias internacionales, organizasteis eventos incre\u00edbles y agitasteis las redes sociales con el hashtag #MyInvisibleMS. Juntos mostramos al mundo lo [&hellip;]<\/p>\n","protected":false},"author":40,"featured_media":20184,"comment_status":"closed","ping_status":"closed","sticky":false,"template":"","format":"standard","meta":{"_acf_changed":false,"footnotes":""},"categories":[1175,195],"tags":[],"class_list":["post-20186","post","type-post","status-publish","format-standard","has-post-thumbnail","hentry","category-2019-mi-em-invisible","category-year-highlights"],"acf":[],"yoast_head":"<!-- This site is optimized with the Yoast SEO plugin v27.5 - https:\/\/yoast.com\/product\/yoast-seo-wordpress\/ -->\n<title>World MS Day 2019 highlights! - D\u00eda Mundial de la EM<\/title>\n<meta name=\"robots\" content=\"index, follow, max-snippet:-1, max-image-preview:large, max-video-preview:-1\" \/>\n<link rel=\"canonical\" href=\"https:\/\/worldmsday.org\/world-ms-day-2019-highlights\/\" \/>\n<meta property=\"og:locale\" content=\"es_ES\" \/>\n<meta property=\"og:type\" content=\"article\" \/>\n<meta property=\"og:title\" content=\"World MS Day 2019 highlights! - D\u00eda Mundial de la EM\" \/>\n<meta property=\"og:description\" content=\"El D\u00eda mundial de la EM 2019 fue espectacular. Pusimos el foco de atenci\u00f3n en la EM y hablamos alto y claro sobre el impacto invisible de la EM en todo el mundo. Lograsteis titulares de noticias internacionales, organizasteis eventos incre\u00edbles y agitasteis las redes sociales con el hashtag #MyInvisibleMS. Juntos mostramos al mundo lo [&hellip;]\" \/>\n<meta property=\"og:url\" content=\"https:\/\/worldmsday.org\/world-ms-day-2019-highlights\/\" \/>\n<meta property=\"og:site_name\" content=\"D\u00eda Mundial de la EM\" \/>\n<meta property=\"article:publisher\" content=\"https:\/\/www.facebook.com\/worldmsday\" \/>\n<meta property=\"article:published_time\" content=\"2019-06-17T14:13:26+00:00\" \/>\n<meta property=\"article:modified_time\" content=\"2020-04-21T14:34:34+00:00\" \/>\n<meta property=\"og:image\" content=\"https:\/\/worldmsday.org\/wp-content\/uploads\/2019\/06\/Thank-you-original.jpg\" \/>\n\t<meta property=\"og:image:width\" content=\"640\" \/>\n\t<meta property=\"og:image:height\" content=\"480\" \/>\n\t<meta property=\"og:image:type\" content=\"image\/jpeg\" \/>\n<meta name=\"author\" content=\"Sarah Dobson\" \/>\n<meta name=\"twitter:card\" content=\"summary_large_image\" \/>\n<meta name=\"twitter:creator\" content=\"@WorldMSDay\" \/>\n<meta name=\"twitter:site\" content=\"@WorldMSDay\" \/>\n<meta name=\"twitter:label1\" content=\"Escrito por\" \/>\n\t<meta name=\"twitter:data1\" content=\"Sarah Dobson\" \/>\n\t<meta name=\"twitter:label2\" content=\"Tiempo de lectura\" \/>\n\t<meta name=\"twitter:data2\" content=\"14 minutos\" \/>\n<script type=\"application\/ld+json\" class=\"yoast-schema-graph\">{\"@context\":\"https:\\\/\\\/schema.org\",\"@graph\":[{\"@type\":\"Article\",\"@id\":\"https:\\\/\\\/worldmsday.org\\\/world-ms-day-2019-highlights\\\/#article\",\"isPartOf\":{\"@id\":\"https:\\\/\\\/worldmsday.org\\\/world-ms-day-2019-highlights\\\/\"},\"author\":{\"name\":\"Sarah Dobson\",\"@id\":\"https:\\\/\\\/worldmsday.org\\\/#\\\/schema\\\/person\\\/073192210b11f1fb8d7e4b534f128480\"},\"headline\":\"World MS Day 2019 highlights!\",\"datePublished\":\"2019-06-17T14:13:26+00:00\",\"dateModified\":\"2020-04-21T14:34:34+00:00\",\"mainEntityOfPage\":{\"@id\":\"https:\\\/\\\/worldmsday.org\\\/world-ms-day-2019-highlights\\\/\"},\"wordCount\":2860,\"image\":{\"@id\":\"https:\\\/\\\/worldmsday.org\\\/world-ms-day-2019-highlights\\\/#primaryimage\"},\"thumbnailUrl\":\"https:\\\/\\\/worldmsday.org\\\/wp-content\\\/uploads\\\/2019\\\/06\\\/Thank-you-original.jpg\",\"articleSection\":[\"2019 Mi EM invisible\",\"Year Highlights\"],\"inLanguage\":\"es\"},{\"@type\":\"WebPage\",\"@id\":\"https:\\\/\\\/worldmsday.org\\\/world-ms-day-2019-highlights\\\/\",\"url\":\"https:\\\/\\\/worldmsday.org\\\/world-ms-day-2019-highlights\\\/\",\"name\":\"World MS Day 2019 highlights! - D\u00eda Mundial de la EM\",\"isPartOf\":{\"@id\":\"https:\\\/\\\/worldmsday.org\\\/#website\"},\"primaryImageOfPage\":{\"@id\":\"https:\\\/\\\/worldmsday.org\\\/world-ms-day-2019-highlights\\\/#primaryimage\"},\"image\":{\"@id\":\"https:\\\/\\\/worldmsday.org\\\/world-ms-day-2019-highlights\\\/#primaryimage\"},\"thumbnailUrl\":\"https:\\\/\\\/worldmsday.org\\\/wp-content\\\/uploads\\\/2019\\\/06\\\/Thank-you-original.jpg\",\"datePublished\":\"2019-06-17T14:13:26+00:00\",\"dateModified\":\"2020-04-21T14:34:34+00:00\",\"author\":{\"@id\":\"https:\\\/\\\/worldmsday.org\\\/#\\\/schema\\\/person\\\/073192210b11f1fb8d7e4b534f128480\"},\"breadcrumb\":{\"@id\":\"https:\\\/\\\/worldmsday.org\\\/world-ms-day-2019-highlights\\\/#breadcrumb\"},\"inLanguage\":\"es\",\"potentialAction\":[{\"@type\":\"ReadAction\",\"target\":[\"https:\\\/\\\/worldmsday.org\\\/world-ms-day-2019-highlights\\\/\"]}]},{\"@type\":\"ImageObject\",\"inLanguage\":\"es\",\"@id\":\"https:\\\/\\\/worldmsday.org\\\/world-ms-day-2019-highlights\\\/#primaryimage\",\"url\":\"https:\\\/\\\/worldmsday.org\\\/wp-content\\\/uploads\\\/2019\\\/06\\\/Thank-you-original.jpg\",\"contentUrl\":\"https:\\\/\\\/worldmsday.org\\\/wp-content\\\/uploads\\\/2019\\\/06\\\/Thank-you-original.jpg\",\"width\":640,\"height\":480},{\"@type\":\"BreadcrumbList\",\"@id\":\"https:\\\/\\\/worldmsday.org\\\/world-ms-day-2019-highlights\\\/#breadcrumb\",\"itemListElement\":[{\"@type\":\"ListItem\",\"position\":1,\"name\":\"Home\",\"item\":\"https:\\\/\\\/worldmsday.org\\\/es\\\/\"},{\"@type\":\"ListItem\",\"position\":2,\"name\":\"World MS Day 2019 highlights!\"}]},{\"@type\":\"WebSite\",\"@id\":\"https:\\\/\\\/worldmsday.org\\\/#website\",\"url\":\"https:\\\/\\\/worldmsday.org\\\/\",\"name\":\"D\u00eda Mundial de la EM\",\"description\":\"30 de mayo de 2020\",\"potentialAction\":[{\"@type\":\"SearchAction\",\"target\":{\"@type\":\"EntryPoint\",\"urlTemplate\":\"https:\\\/\\\/worldmsday.org\\\/?s={search_term_string}\"},\"query-input\":{\"@type\":\"PropertyValueSpecification\",\"valueRequired\":true,\"valueName\":\"search_term_string\"}}],\"inLanguage\":\"es\"},{\"@type\":\"Person\",\"@id\":\"https:\\\/\\\/worldmsday.org\\\/#\\\/schema\\\/person\\\/073192210b11f1fb8d7e4b534f128480\",\"name\":\"Sarah Dobson\"}]}<\/script>\n<!-- \/ Yoast SEO plugin. -->","yoast_head_json":{"title":"World MS Day 2019 highlights! - D\u00eda Mundial de la EM","robots":{"index":"index","follow":"follow","max-snippet":"max-snippet:-1","max-image-preview":"max-image-preview:large","max-video-preview":"max-video-preview:-1"},"canonical":"https:\/\/worldmsday.org\/world-ms-day-2019-highlights\/","og_locale":"es_ES","og_type":"article","og_title":"World MS Day 2019 highlights! - D\u00eda Mundial de la EM","og_description":"El D\u00eda mundial de la EM 2019 fue espectacular. Pusimos el foco de atenci\u00f3n en la EM y hablamos alto y claro sobre el impacto invisible de la EM en todo el mundo. Lograsteis titulares de noticias internacionales, organizasteis eventos incre\u00edbles y agitasteis las redes sociales con el hashtag #MyInvisibleMS. Juntos mostramos al mundo lo [&hellip;]","og_url":"https:\/\/worldmsday.org\/world-ms-day-2019-highlights\/","og_site_name":"D\u00eda Mundial de la EM","article_publisher":"https:\/\/www.facebook.com\/worldmsday","article_published_time":"2019-06-17T14:13:26+00:00","article_modified_time":"2020-04-21T14:34:34+00:00","og_image":[{"width":640,"height":480,"url":"https:\/\/worldmsday.org\/wp-content\/uploads\/2019\/06\/Thank-you-original.jpg","type":"image\/jpeg"}],"author":"Sarah Dobson","twitter_card":"summary_large_image","twitter_creator":"@WorldMSDay","twitter_site":"@WorldMSDay","twitter_misc":{"Escrito por":"Sarah Dobson","Tiempo de lectura":"14 minutos"},"schema":{"@context":"https:\/\/schema.org","@graph":[{"@type":"Article","@id":"https:\/\/worldmsday.org\/world-ms-day-2019-highlights\/#article","isPartOf":{"@id":"https:\/\/worldmsday.org\/world-ms-day-2019-highlights\/"},"author":{"name":"Sarah Dobson","@id":"https:\/\/worldmsday.org\/#\/schema\/person\/073192210b11f1fb8d7e4b534f128480"},"headline":"World MS Day 2019 highlights!","datePublished":"2019-06-17T14:13:26+00:00","dateModified":"2020-04-21T14:34:34+00:00","mainEntityOfPage":{"@id":"https:\/\/worldmsday.org\/world-ms-day-2019-highlights\/"},"wordCount":2860,"image":{"@id":"https:\/\/worldmsday.org\/world-ms-day-2019-highlights\/#primaryimage"},"thumbnailUrl":"https:\/\/worldmsday.org\/wp-content\/uploads\/2019\/06\/Thank-you-original.jpg","articleSection":["2019 Mi EM invisible","Year Highlights"],"inLanguage":"es"},{"@type":"WebPage","@id":"https:\/\/worldmsday.org\/world-ms-day-2019-highlights\/","url":"https:\/\/worldmsday.org\/world-ms-day-2019-highlights\/","name":"World MS Day 2019 highlights! - D\u00eda Mundial de la EM","isPartOf":{"@id":"https:\/\/worldmsday.org\/#website"},"primaryImageOfPage":{"@id":"https:\/\/worldmsday.org\/world-ms-day-2019-highlights\/#primaryimage"},"image":{"@id":"https:\/\/worldmsday.org\/world-ms-day-2019-highlights\/#primaryimage"},"thumbnailUrl":"https:\/\/worldmsday.org\/wp-content\/uploads\/2019\/06\/Thank-you-original.jpg","datePublished":"2019-06-17T14:13:26+00:00","dateModified":"2020-04-21T14:34:34+00:00","author":{"@id":"https:\/\/worldmsday.org\/#\/schema\/person\/073192210b11f1fb8d7e4b534f128480"},"breadcrumb":{"@id":"https:\/\/worldmsday.org\/world-ms-day-2019-highlights\/#breadcrumb"},"inLanguage":"es","potentialAction":[{"@type":"ReadAction","target":["https:\/\/worldmsday.org\/world-ms-day-2019-highlights\/"]}]},{"@type":"ImageObject","inLanguage":"es","@id":"https:\/\/worldmsday.org\/world-ms-day-2019-highlights\/#primaryimage","url":"https:\/\/worldmsday.org\/wp-content\/uploads\/2019\/06\/Thank-you-original.jpg","contentUrl":"https:\/\/worldmsday.org\/wp-content\/uploads\/2019\/06\/Thank-you-original.jpg","width":640,"height":480},{"@type":"BreadcrumbList","@id":"https:\/\/worldmsday.org\/world-ms-day-2019-highlights\/#breadcrumb","itemListElement":[{"@type":"ListItem","position":1,"name":"Home","item":"https:\/\/worldmsday.org\/es\/"},{"@type":"ListItem","position":2,"name":"World MS Day 2019 highlights!"}]},{"@type":"WebSite","@id":"https:\/\/worldmsday.org\/#website","url":"https:\/\/worldmsday.org\/","name":"D\u00eda Mundial de la EM","description":"30 de mayo de 2020","potentialAction":[{"@type":"SearchAction","target":{"@type":"EntryPoint","urlTemplate":"https:\/\/worldmsday.org\/?s={search_term_string}"},"query-input":{"@type":"PropertyValueSpecification","valueRequired":true,"valueName":"search_term_string"}}],"inLanguage":"es"},{"@type":"Person","@id":"https:\/\/worldmsday.org\/#\/schema\/person\/073192210b11f1fb8d7e4b534f128480","name":"Sarah Dobson"}]}},"_links":{"self":[{"href":"https:\/\/worldmsday.org\/es\/wp-json\/wp\/v2\/posts\/20186","targetHints":{"allow":["GET"]}}],"collection":[{"href":"https:\/\/worldmsday.org\/es\/wp-json\/wp\/v2\/posts"}],"about":[{"href":"https:\/\/worldmsday.org\/es\/wp-json\/wp\/v2\/types\/post"}],"author":[{"embeddable":true,"href":"https:\/\/worldmsday.org\/es\/wp-json\/wp\/v2\/users\/40"}],"replies":[{"embeddable":true,"href":"https:\/\/worldmsday.org\/es\/wp-json\/wp\/v2\/comments?post=20186"}],"version-history":[{"count":0,"href":"https:\/\/worldmsday.org\/es\/wp-json\/wp\/v2\/posts\/20186\/revisions"}],"wp:featuredmedia":[{"embeddable":true,"href":"https:\/\/worldmsday.org\/es\/wp-json\/wp\/v2\/media\/20184"}],"wp:attachment":[{"href":"https:\/\/worldmsday.org\/es\/wp-json\/wp\/v2\/media?parent=20186"}],"wp:term":[{"taxonomy":"category","embeddable":true,"href":"https:\/\/worldmsday.org\/es\/wp-json\/wp\/v2\/categories?post=20186"},{"taxonomy":"post_tag","embeddable":true,"href":"https:\/\/worldmsday.org\/es\/wp-json\/wp\/v2\/tags?post=20186"}],"curies":[{"name":"wp","href":"https:\/\/api.w.org\/{rel}","templated":true}]}}