{"id":19727,"date":"2019-05-29T17:03:55","date_gmt":"2019-05-29T16:03:55","guid":{"rendered":"https:\/\/wmsd2020.wpengine.com\/?p=19727\/"},"modified":"2020-04-21T15:34:34","modified_gmt":"2020-04-21T14:34:34","slug":"inspiracion-del-conjunto-de-herramientas","status":"publish","type":"post","link":"https:\/\/worldmsday.org\/es\/inspiracion-del-conjunto-de-herramientas\/","title":{"rendered":"Inspiraci\u00f3n del conjunto de herramientas"},"content":{"rendered":"<div class=\"wysiwyg__content--skinny\">El movimiento global de la MSIF va viento en popa en cuanto a la creatividad con el conjunto de herramientas #MiEMinvisible, adaptando los materiales y comparti\u00e9ndolos en todo el mundo<\/p>\n<p>En Espa\u00f1a, Esclerosis M\u00faltiple Espa\u00f1a utiliz\u00f3 tinta invisible para imprimir los carteles de #MiEMinvisible. Las ilustraciones sobre los s\u00edntomas invisibles solo se pueden apreciar bajo la luz UV. Se trata de un gran efecto de luz que pone de manifiesto el impacto invisible de vivir con EM.<\/p>\n<div style=\"text-align: center;\">\n<p><iframe loading=\"lazy\" src=\"https:\/\/www.youtube.com\/embed\/N515XLsjlQM\" width=\"560\" height=\"315\" frameborder=\"0\" allowfullscreen=\"allowfullscreen\"><\/iframe>Mientras tanto, la Asociaci\u00f3n de EM de Israel organiz\u00f3 una narraci\u00f3n de cuentos utilizando las ilustraciones de \u00abLo que quiero que sepas sobre la EM\u00bb. Los miembros recibieron un gran n\u00famero de copias impresas para compartir una opini\u00f3n personal acerca de vivir con EM. Estos mensajes pusieron en tela de juicio los conceptos err\u00f3neos y dieron a las personas afectadas por la EM en Israel la oportunidad de decirle al mundo qu\u00e9 es vivir con EM.<\/p>\n<p>&nbsp;<\/p>\n<div style=\"text-align: center;\">\n<p><iframe loading=\"lazy\" src=\"https:\/\/www.youtube.com\/embed\/6sZGtxYI2q4\" width=\"560\" height=\"315\" frameborder=\"0\" allowfullscreen=\"allowfullscreen\"><\/iframe>La Asociaci\u00f3n de Esclerosis M\u00faltiple de Arabia Saudita (Arfa) ha hecho un trabajo maravilloso al adaptar el trabajo art\u00edstico de la campa\u00f1a de este a\u00f1o para desarrollar sus propios recursos. Este dise\u00f1o atrevido y llamativo ha ayudado a difundir el mensaje #MiEMinvisible en todo el pa\u00eds.<\/p>\n<\/div>\n<\/div>\n<\/div>\n","protected":false},"excerpt":{"rendered":"<p>El movimiento global de la MSIF va viento en popa en cuanto a la creatividad con el conjunto de herramientas #MiEMinvisible, adaptando los materiales y comparti\u00e9ndolos en todo el mundo En Espa\u00f1a, Esclerosis M\u00faltiple Espa\u00f1a utiliz\u00f3 tinta invisible para imprimir los carteles de #MiEMinvisible. Las ilustraciones sobre los s\u00edntomas invisibles solo se pueden apreciar bajo [&hellip;]<\/p>\n","protected":false},"author":40,"featured_media":19479,"comment_status":"closed","ping_status":"closed","sticky":false,"template":"","format":"standard","meta":{"_acf_changed":false,"footnotes":""},"categories":[1175,485],"tags":[],"class_list":["post-19727","post","type-post","status-publish","format-standard","has-post-thumbnail","hentry","category-2019-mi-em-invisible","category-2012-vivir-con-em"],"acf":[],"yoast_head":"<!-- This site is optimized with the Yoast SEO plugin v27.5 - https:\/\/yoast.com\/product\/yoast-seo-wordpress\/ -->\n<title>Inspiraci\u00f3n del conjunto de herramientas - D\u00eda Mundial de la EM<\/title>\n<meta name=\"robots\" content=\"index, follow, max-snippet:-1, max-image-preview:large, max-video-preview:-1\" \/>\n<link rel=\"canonical\" href=\"https:\/\/worldmsday.org\/es\/inspiracion-del-conjunto-de-herramientas\/\" \/>\n<meta property=\"og:locale\" content=\"es_ES\" \/>\n<meta property=\"og:type\" content=\"article\" \/>\n<meta property=\"og:title\" content=\"Inspiraci\u00f3n del conjunto de herramientas - D\u00eda Mundial de la EM\" \/>\n<meta property=\"og:description\" content=\"El movimiento global de la MSIF va viento en popa en cuanto a la creatividad con el conjunto de herramientas #MiEMinvisible, adaptando los materiales y comparti\u00e9ndolos en todo el mundo En Espa\u00f1a, Esclerosis M\u00faltiple Espa\u00f1a utiliz\u00f3 tinta invisible para imprimir los carteles de #MiEMinvisible. Las ilustraciones sobre los s\u00edntomas invisibles solo se pueden apreciar bajo [&hellip;]\" \/>\n<meta property=\"og:url\" content=\"https:\/\/worldmsday.org\/es\/inspiracion-del-conjunto-de-herramientas\/\" \/>\n<meta property=\"og:site_name\" content=\"D\u00eda Mundial de la EM\" \/>\n<meta property=\"article:publisher\" content=\"https:\/\/www.facebook.com\/worldmsday\" \/>\n<meta property=\"article:published_time\" content=\"2019-05-29T16:03:55+00:00\" \/>\n<meta property=\"article:modified_time\" content=\"2020-04-21T14:34:34+00:00\" \/>\n<meta property=\"og:image\" content=\"https:\/\/worldmsday.org\/wp-content\/uploads\/2019\/05\/image-5.jpg\" \/>\n\t<meta property=\"og:image:width\" content=\"1024\" \/>\n\t<meta property=\"og:image:height\" content=\"1280\" \/>\n\t<meta property=\"og:image:type\" content=\"image\/jpeg\" \/>\n<meta name=\"author\" content=\"Sarah Dobson\" \/>\n<meta name=\"twitter:card\" content=\"summary_large_image\" \/>\n<meta name=\"twitter:creator\" content=\"@WorldMSDay\" \/>\n<meta name=\"twitter:site\" content=\"@WorldMSDay\" \/>\n<meta name=\"twitter:label1\" content=\"Escrito por\" \/>\n\t<meta name=\"twitter:data1\" content=\"Sarah Dobson\" \/>\n\t<meta name=\"twitter:label2\" content=\"Tiempo de lectura\" \/>\n\t<meta name=\"twitter:data2\" content=\"1 minuto\" \/>\n<script type=\"application\/ld+json\" class=\"yoast-schema-graph\">{\"@context\":\"https:\\\/\\\/schema.org\",\"@graph\":[{\"@type\":\"Article\",\"@id\":\"https:\\\/\\\/worldmsday.org\\\/es\\\/inspiracion-del-conjunto-de-herramientas\\\/#article\",\"isPartOf\":{\"@id\":\"https:\\\/\\\/worldmsday.org\\\/es\\\/inspiracion-del-conjunto-de-herramientas\\\/\"},\"author\":{\"name\":\"Sarah Dobson\",\"@id\":\"https:\\\/\\\/worldmsday.org\\\/#\\\/schema\\\/person\\\/073192210b11f1fb8d7e4b534f128480\"},\"headline\":\"Inspiraci\u00f3n del conjunto de herramientas\",\"datePublished\":\"2019-05-29T16:03:55+00:00\",\"dateModified\":\"2020-04-21T14:34:34+00:00\",\"mainEntityOfPage\":{\"@id\":\"https:\\\/\\\/worldmsday.org\\\/es\\\/inspiracion-del-conjunto-de-herramientas\\\/\"},\"wordCount\":223,\"image\":{\"@id\":\"https:\\\/\\\/worldmsday.org\\\/es\\\/inspiracion-del-conjunto-de-herramientas\\\/#primaryimage\"},\"thumbnailUrl\":\"https:\\\/\\\/worldmsday.org\\\/wp-content\\\/uploads\\\/2019\\\/05\\\/image-5.jpg\",\"articleSection\":[\"2019 Mi EM invisible\",\"2012 Vivir con EM\"],\"inLanguage\":\"es\"},{\"@type\":\"WebPage\",\"@id\":\"https:\\\/\\\/worldmsday.org\\\/es\\\/inspiracion-del-conjunto-de-herramientas\\\/\",\"url\":\"https:\\\/\\\/worldmsday.org\\\/es\\\/inspiracion-del-conjunto-de-herramientas\\\/\",\"name\":\"Inspiraci\u00f3n del conjunto de herramientas - D\u00eda Mundial de la EM\",\"isPartOf\":{\"@id\":\"https:\\\/\\\/worldmsday.org\\\/#website\"},\"primaryImageOfPage\":{\"@id\":\"https:\\\/\\\/worldmsday.org\\\/es\\\/inspiracion-del-conjunto-de-herramientas\\\/#primaryimage\"},\"image\":{\"@id\":\"https:\\\/\\\/worldmsday.org\\\/es\\\/inspiracion-del-conjunto-de-herramientas\\\/#primaryimage\"},\"thumbnailUrl\":\"https:\\\/\\\/worldmsday.org\\\/wp-content\\\/uploads\\\/2019\\\/05\\\/image-5.jpg\",\"datePublished\":\"2019-05-29T16:03:55+00:00\",\"dateModified\":\"2020-04-21T14:34:34+00:00\",\"author\":{\"@id\":\"https:\\\/\\\/worldmsday.org\\\/#\\\/schema\\\/person\\\/073192210b11f1fb8d7e4b534f128480\"},\"breadcrumb\":{\"@id\":\"https:\\\/\\\/worldmsday.org\\\/es\\\/inspiracion-del-conjunto-de-herramientas\\\/#breadcrumb\"},\"inLanguage\":\"es\",\"potentialAction\":[{\"@type\":\"ReadAction\",\"target\":[\"https:\\\/\\\/worldmsday.org\\\/es\\\/inspiracion-del-conjunto-de-herramientas\\\/\"]}]},{\"@type\":\"ImageObject\",\"inLanguage\":\"es\",\"@id\":\"https:\\\/\\\/worldmsday.org\\\/es\\\/inspiracion-del-conjunto-de-herramientas\\\/#primaryimage\",\"url\":\"https:\\\/\\\/worldmsday.org\\\/wp-content\\\/uploads\\\/2019\\\/05\\\/image-5.jpg\",\"contentUrl\":\"https:\\\/\\\/worldmsday.org\\\/wp-content\\\/uploads\\\/2019\\\/05\\\/image-5.jpg\",\"width\":1024,\"height\":1280},{\"@type\":\"BreadcrumbList\",\"@id\":\"https:\\\/\\\/worldmsday.org\\\/es\\\/inspiracion-del-conjunto-de-herramientas\\\/#breadcrumb\",\"itemListElement\":[{\"@type\":\"ListItem\",\"position\":1,\"name\":\"Home\",\"item\":\"https:\\\/\\\/worldmsday.org\\\/es\\\/\"},{\"@type\":\"ListItem\",\"position\":2,\"name\":\"Inspiraci\u00f3n del conjunto de herramientas\"}]},{\"@type\":\"WebSite\",\"@id\":\"https:\\\/\\\/worldmsday.org\\\/#website\",\"url\":\"https:\\\/\\\/worldmsday.org\\\/\",\"name\":\"D\u00eda Mundial de la EM\",\"description\":\"30 de mayo de 2020\",\"potentialAction\":[{\"@type\":\"SearchAction\",\"target\":{\"@type\":\"EntryPoint\",\"urlTemplate\":\"https:\\\/\\\/worldmsday.org\\\/?s={search_term_string}\"},\"query-input\":{\"@type\":\"PropertyValueSpecification\",\"valueRequired\":true,\"valueName\":\"search_term_string\"}}],\"inLanguage\":\"es\"},{\"@type\":\"Person\",\"@id\":\"https:\\\/\\\/worldmsday.org\\\/#\\\/schema\\\/person\\\/073192210b11f1fb8d7e4b534f128480\",\"name\":\"Sarah Dobson\"}]}<\/script>\n<!-- \/ Yoast SEO plugin. -->","yoast_head_json":{"title":"Inspiraci\u00f3n del conjunto de herramientas - D\u00eda Mundial de la EM","robots":{"index":"index","follow":"follow","max-snippet":"max-snippet:-1","max-image-preview":"max-image-preview:large","max-video-preview":"max-video-preview:-1"},"canonical":"https:\/\/worldmsday.org\/es\/inspiracion-del-conjunto-de-herramientas\/","og_locale":"es_ES","og_type":"article","og_title":"Inspiraci\u00f3n del conjunto de herramientas - D\u00eda Mundial de la EM","og_description":"El movimiento global de la MSIF va viento en popa en cuanto a la creatividad con el conjunto de herramientas #MiEMinvisible, adaptando los materiales y comparti\u00e9ndolos en todo el mundo En Espa\u00f1a, Esclerosis M\u00faltiple Espa\u00f1a utiliz\u00f3 tinta invisible para imprimir los carteles de #MiEMinvisible. Las ilustraciones sobre los s\u00edntomas invisibles solo se pueden apreciar bajo [&hellip;]","og_url":"https:\/\/worldmsday.org\/es\/inspiracion-del-conjunto-de-herramientas\/","og_site_name":"D\u00eda Mundial de la EM","article_publisher":"https:\/\/www.facebook.com\/worldmsday","article_published_time":"2019-05-29T16:03:55+00:00","article_modified_time":"2020-04-21T14:34:34+00:00","og_image":[{"width":1024,"height":1280,"url":"https:\/\/worldmsday.org\/wp-content\/uploads\/2019\/05\/image-5.jpg","type":"image\/jpeg"}],"author":"Sarah Dobson","twitter_card":"summary_large_image","twitter_creator":"@WorldMSDay","twitter_site":"@WorldMSDay","twitter_misc":{"Escrito por":"Sarah Dobson","Tiempo de lectura":"1 minuto"},"schema":{"@context":"https:\/\/schema.org","@graph":[{"@type":"Article","@id":"https:\/\/worldmsday.org\/es\/inspiracion-del-conjunto-de-herramientas\/#article","isPartOf":{"@id":"https:\/\/worldmsday.org\/es\/inspiracion-del-conjunto-de-herramientas\/"},"author":{"name":"Sarah Dobson","@id":"https:\/\/worldmsday.org\/#\/schema\/person\/073192210b11f1fb8d7e4b534f128480"},"headline":"Inspiraci\u00f3n del conjunto de herramientas","datePublished":"2019-05-29T16:03:55+00:00","dateModified":"2020-04-21T14:34:34+00:00","mainEntityOfPage":{"@id":"https:\/\/worldmsday.org\/es\/inspiracion-del-conjunto-de-herramientas\/"},"wordCount":223,"image":{"@id":"https:\/\/worldmsday.org\/es\/inspiracion-del-conjunto-de-herramientas\/#primaryimage"},"thumbnailUrl":"https:\/\/worldmsday.org\/wp-content\/uploads\/2019\/05\/image-5.jpg","articleSection":["2019 Mi EM invisible","2012 Vivir con EM"],"inLanguage":"es"},{"@type":"WebPage","@id":"https:\/\/worldmsday.org\/es\/inspiracion-del-conjunto-de-herramientas\/","url":"https:\/\/worldmsday.org\/es\/inspiracion-del-conjunto-de-herramientas\/","name":"Inspiraci\u00f3n del conjunto de herramientas - D\u00eda Mundial de la EM","isPartOf":{"@id":"https:\/\/worldmsday.org\/#website"},"primaryImageOfPage":{"@id":"https:\/\/worldmsday.org\/es\/inspiracion-del-conjunto-de-herramientas\/#primaryimage"},"image":{"@id":"https:\/\/worldmsday.org\/es\/inspiracion-del-conjunto-de-herramientas\/#primaryimage"},"thumbnailUrl":"https:\/\/worldmsday.org\/wp-content\/uploads\/2019\/05\/image-5.jpg","datePublished":"2019-05-29T16:03:55+00:00","dateModified":"2020-04-21T14:34:34+00:00","author":{"@id":"https:\/\/worldmsday.org\/#\/schema\/person\/073192210b11f1fb8d7e4b534f128480"},"breadcrumb":{"@id":"https:\/\/worldmsday.org\/es\/inspiracion-del-conjunto-de-herramientas\/#breadcrumb"},"inLanguage":"es","potentialAction":[{"@type":"ReadAction","target":["https:\/\/worldmsday.org\/es\/inspiracion-del-conjunto-de-herramientas\/"]}]},{"@type":"ImageObject","inLanguage":"es","@id":"https:\/\/worldmsday.org\/es\/inspiracion-del-conjunto-de-herramientas\/#primaryimage","url":"https:\/\/worldmsday.org\/wp-content\/uploads\/2019\/05\/image-5.jpg","contentUrl":"https:\/\/worldmsday.org\/wp-content\/uploads\/2019\/05\/image-5.jpg","width":1024,"height":1280},{"@type":"BreadcrumbList","@id":"https:\/\/worldmsday.org\/es\/inspiracion-del-conjunto-de-herramientas\/#breadcrumb","itemListElement":[{"@type":"ListItem","position":1,"name":"Home","item":"https:\/\/worldmsday.org\/es\/"},{"@type":"ListItem","position":2,"name":"Inspiraci\u00f3n del conjunto de herramientas"}]},{"@type":"WebSite","@id":"https:\/\/worldmsday.org\/#website","url":"https:\/\/worldmsday.org\/","name":"D\u00eda Mundial de la EM","description":"30 de mayo de 2020","potentialAction":[{"@type":"SearchAction","target":{"@type":"EntryPoint","urlTemplate":"https:\/\/worldmsday.org\/?s={search_term_string}"},"query-input":{"@type":"PropertyValueSpecification","valueRequired":true,"valueName":"search_term_string"}}],"inLanguage":"es"},{"@type":"Person","@id":"https:\/\/worldmsday.org\/#\/schema\/person\/073192210b11f1fb8d7e4b534f128480","name":"Sarah Dobson"}]}},"_links":{"self":[{"href":"https:\/\/worldmsday.org\/es\/wp-json\/wp\/v2\/posts\/19727","targetHints":{"allow":["GET"]}}],"collection":[{"href":"https:\/\/worldmsday.org\/es\/wp-json\/wp\/v2\/posts"}],"about":[{"href":"https:\/\/worldmsday.org\/es\/wp-json\/wp\/v2\/types\/post"}],"author":[{"embeddable":true,"href":"https:\/\/worldmsday.org\/es\/wp-json\/wp\/v2\/users\/40"}],"replies":[{"embeddable":true,"href":"https:\/\/worldmsday.org\/es\/wp-json\/wp\/v2\/comments?post=19727"}],"version-history":[{"count":0,"href":"https:\/\/worldmsday.org\/es\/wp-json\/wp\/v2\/posts\/19727\/revisions"}],"wp:featuredmedia":[{"embeddable":true,"href":"https:\/\/worldmsday.org\/es\/wp-json\/wp\/v2\/media\/19479"}],"wp:attachment":[{"href":"https:\/\/worldmsday.org\/es\/wp-json\/wp\/v2\/media?parent=19727"}],"wp:term":[{"taxonomy":"category","embeddable":true,"href":"https:\/\/worldmsday.org\/es\/wp-json\/wp\/v2\/categories?post=19727"},{"taxonomy":"post_tag","embeddable":true,"href":"https:\/\/worldmsday.org\/es\/wp-json\/wp\/v2\/tags?post=19727"}],"curies":[{"name":"wp","href":"https:\/\/api.w.org\/{rel}","templated":true}]}}