{"id":15529,"date":"2017-06-12T10:21:26","date_gmt":"2017-06-12T09:21:26","guid":{"rendered":"https:\/\/wmsd2020.wpengine.com\/news\/campaigning-world-ms-day\/"},"modified":"2020-04-21T15:34:36","modified_gmt":"2020-04-21T14:34:36","slug":"campaigning-world-ms-day","status":"publish","type":"post","link":"https:\/\/worldmsday.org\/es\/campaigning-world-ms-day\/","title":{"rendered":"Campa\u00f1a en el D\u00eda Mundial de la EM"},"content":{"rendered":"<div class=\"wysiwyg__content--skinny\">El D\u00eda Mundial de la EM ofrece una oportunidad fant\u00e1stica para la gente y organizaciones que luchan para proporcionar cambios positivos para las personas afectadas por la EM.<\/p>\n<p>Este a\u00f1o, muchos pa\u00edses han conseguido resultados fant\u00e1sticos en sus campa\u00f1as y en su labor de promoci\u00f3n y apoyo.<\/p>\n<p>\u00a1Celebremos su \u00e9xito!<\/p>\n<p>&nbsp;<\/p>\n<h3>Irlanda<\/h3>\n<p>Durante el D\u00eda Mundial de la EM, <a href=\"http:\/\/www.ms-society.ie\/\" target=\"_blank\" rel=\"noopener noreferrer\">MS Ireland<\/a> organiz\u00f3 un evento de apoyo especial en el edificio del gobierno irland\u00e9s, Leinster House.&nbsp;<\/p>\n<p>El evento coincidi\u00f3 con el lanzamiento de la organizaci\u00f3n de un informe nuevo sobre la EM y la calidad de vida, que destaca temas claves en la agenda de promoci\u00f3n y apoyo , tales como la necesidad de invertir en servicios de neurolog\u00eda que carecen de financiamiento.<\/p>\n<p>\u00a1Buen trabajo, Irlanda!<\/p>\n<figure class=\"wp-block-image size-large alignwide\"><img loading=\"lazy\" decoding=\"async\" width=\"729\" height=\"357\" src=\"https:\/\/worldmsday.org\/wp-content\/themes\/worldmsday\/assets\/images\/placeholder.svg\" class=\"attachment-large size-large lazyload\" alt=\"\" sizes=\"auto, (max-width: 729px) 100vw, 729px\" data-src=\"https:\/\/worldmsday.org\/wp-content\/uploads\/2017\/06\/Ireland-final.png\" data-srcset=\"https:\/\/worldmsday.org\/wp-content\/uploads\/2017\/06\/Ireland-final.png 729w, https:\/\/worldmsday.org\/wp-content\/uploads\/2017\/06\/Ireland-final-600x294.png 600w, https:\/\/worldmsday.org\/wp-content\/uploads\/2017\/06\/Ireland-final-490x240.png 490w, https:\/\/worldmsday.org\/wp-content\/uploads\/2017\/06\/Ireland-final-284x139.png 284w, https:\/\/worldmsday.org\/wp-content\/uploads\/2017\/06\/Ireland-final-470x230.png 470w\"><noscript><img loading=\"lazy\" decoding=\"async\" width=\"729\" height=\"357\" src=\"https:\/\/worldmsday.org\/wp-content\/uploads\/2017\/06\/Ireland-final.png\" class=\"attachment-large size-large lazyload\" alt=\"\" sizes=\"auto, (max-width: 729px) 100vw, 729px\" srcset=\"https:\/\/worldmsday.org\/wp-content\/uploads\/2017\/06\/Ireland-final.png 729w, https:\/\/worldmsday.org\/wp-content\/uploads\/2017\/06\/Ireland-final-600x294.png 600w, https:\/\/worldmsday.org\/wp-content\/uploads\/2017\/06\/Ireland-final-490x240.png 490w, https:\/\/worldmsday.org\/wp-content\/uploads\/2017\/06\/Ireland-final-284x139.png 284w, https:\/\/worldmsday.org\/wp-content\/uploads\/2017\/06\/Ireland-final-470x230.png 470w\"><\/noscript><\/figure>\n<h3>Paraguay<\/h3>\n<p>Durante el D\u00eda Mundial de la EM, el gobierno paraguayo aprob\u00f3 una ley que concede acceso a tratamiento para todas personas con EM en Paraguay. Esto incluye cobertura m\u00e9dica para acceder a diagn\u00f3sticos, tratamiento y ayuda en todo el pa\u00eds.<\/p>\n<p>Este es un logro impresionante para la comunidad de EM en Paraguay, resultado de una campa\u00f1a dirigida por la <a href=\"https:\/\/www.facebook.com\/apemed\/\" target=\"_blank\" rel=\"noopener noreferrer\">Asociaci\u00f3n de Pacientes con Esclerosis M\u00faltiple y Enfermedades Desmielinizantes (APEMED)<\/a>&nbsp;y el Doctor Fernando Hamuy Diaz De Bedoya.<\/p>\n<p>\u00a1Enhorabuena, Paraguay!<figure class=\"wp-block-image size-large alignwide\"><img loading=\"lazy\" decoding=\"async\" width=\"729\" height=\"357\" src=\"https:\/\/worldmsday.org\/wp-content\/themes\/worldmsday\/assets\/images\/placeholder.svg\" class=\"attachment-large size-large lazyload\" alt=\"\" sizes=\"auto, (max-width: 729px) 100vw, 729px\" data-src=\"https:\/\/worldmsday.org\/wp-content\/uploads\/2017\/06\/Paraguay-final.png\" data-srcset=\"https:\/\/worldmsday.org\/wp-content\/uploads\/2017\/06\/Paraguay-final.png 729w, https:\/\/worldmsday.org\/wp-content\/uploads\/2017\/06\/Paraguay-final-600x294.png 600w, https:\/\/worldmsday.org\/wp-content\/uploads\/2017\/06\/Paraguay-final-490x240.png 490w, https:\/\/worldmsday.org\/wp-content\/uploads\/2017\/06\/Paraguay-final-284x139.png 284w, https:\/\/worldmsday.org\/wp-content\/uploads\/2017\/06\/Paraguay-final-470x230.png 470w\"><noscript><img loading=\"lazy\" decoding=\"async\" width=\"729\" height=\"357\" src=\"https:\/\/worldmsday.org\/wp-content\/uploads\/2017\/06\/Paraguay-final.png\" class=\"attachment-large size-large lazyload\" alt=\"\" sizes=\"auto, (max-width: 729px) 100vw, 729px\" srcset=\"https:\/\/worldmsday.org\/wp-content\/uploads\/2017\/06\/Paraguay-final.png 729w, https:\/\/worldmsday.org\/wp-content\/uploads\/2017\/06\/Paraguay-final-600x294.png 600w, https:\/\/worldmsday.org\/wp-content\/uploads\/2017\/06\/Paraguay-final-490x240.png 490w, https:\/\/worldmsday.org\/wp-content\/uploads\/2017\/06\/Paraguay-final-284x139.png 284w, https:\/\/worldmsday.org\/wp-content\/uploads\/2017\/06\/Paraguay-final-470x230.png 470w\"><\/noscript><\/figure><\/p>\n<h3>Canad\u00e1<\/h3>\n<p>La <a href=\"https:\/\/mssociety.ca\/\" target=\"_blank\" rel=\"noopener noreferrer\">Asociaci\u00f3n canadiense de EM<\/a> ha se\u00f1alado a mayo como el mes de concienciaci\u00f3n de la EM, y se ha generado as\u00ed una cantidad incre\u00edble de publicidad y conciencia, entre la gente y los principales pol\u00edticos del Parlamento Canadiense.<\/p>\n<p>\u00a1As\u00ed se hace, Canad\u00e1!<figure class=\"wp-block-image size-large alignwide\"><img loading=\"lazy\" decoding=\"async\" width=\"729\" height=\"357\" src=\"https:\/\/worldmsday.org\/wp-content\/themes\/worldmsday\/assets\/images\/placeholder.svg\" class=\"attachment-large size-large lazyload\" alt=\"\" sizes=\"auto, (max-width: 729px) 100vw, 729px\" data-src=\"https:\/\/worldmsday.org\/wp-content\/uploads\/2017\/06\/Canada-final.png\" data-srcset=\"https:\/\/worldmsday.org\/wp-content\/uploads\/2017\/06\/Canada-final.png 729w, https:\/\/worldmsday.org\/wp-content\/uploads\/2017\/06\/Canada-final-600x294.png 600w, https:\/\/worldmsday.org\/wp-content\/uploads\/2017\/06\/Canada-final-490x240.png 490w, https:\/\/worldmsday.org\/wp-content\/uploads\/2017\/06\/Canada-final-284x139.png 284w, https:\/\/worldmsday.org\/wp-content\/uploads\/2017\/06\/Canada-final-470x230.png 470w\"><noscript><img loading=\"lazy\" decoding=\"async\" width=\"729\" height=\"357\" src=\"https:\/\/worldmsday.org\/wp-content\/uploads\/2017\/06\/Canada-final.png\" class=\"attachment-large size-large lazyload\" alt=\"\" sizes=\"auto, (max-width: 729px) 100vw, 729px\" srcset=\"https:\/\/worldmsday.org\/wp-content\/uploads\/2017\/06\/Canada-final.png 729w, https:\/\/worldmsday.org\/wp-content\/uploads\/2017\/06\/Canada-final-600x294.png 600w, https:\/\/worldmsday.org\/wp-content\/uploads\/2017\/06\/Canada-final-490x240.png 490w, https:\/\/worldmsday.org\/wp-content\/uploads\/2017\/06\/Canada-final-284x139.png 284w, https:\/\/worldmsday.org\/wp-content\/uploads\/2017\/06\/Canada-final-470x230.png 470w\"><\/noscript><\/figure><\/p>\n<h3>Australia<\/h3>\n<p>En mayo, <a href=\"https:\/\/www.msaustralia.org.au\/\" target=\"_blank\" rel=\"noopener noreferrer\">EM Australia<\/a> hizo que se escucharan las voces de las personas afectadas con EM haciendo que el Parlamento Australiano incluyera la esclerosis m\u00faltiple y el D\u00eda Mundial de la EM en una moci\u00f3n parlamentaria bipartita en el senado.<\/p>\n<p>Incluso han conseguido que los principales pol\u00edticos apoyen la actividad en las redes sociales del D\u00eda Mundial de la EM al registrar formalmente los \u00abAmigos parlamentarios de la esclerosis m\u00faltiple\u00bb, un grupo compuesto por 10 parlamentarios que han decidido apoyar el D\u00eda Mundial de la EM en las redes sociales junto con el Parlamento Australiano.<\/p>\n<p>\u00a1Unos logros fant\u00e1sticos! \u00a1Felicidades, Australia!<figure class=\"wp-block-image size-large alignwide\"><img loading=\"lazy\" decoding=\"async\" width=\"729\" height=\"357\" src=\"https:\/\/worldmsday.org\/wp-content\/themes\/worldmsday\/assets\/images\/placeholder.svg\" class=\"attachment-large size-large lazyload\" alt=\"\" sizes=\"auto, (max-width: 729px) 100vw, 729px\" data-src=\"https:\/\/worldmsday.org\/wp-content\/uploads\/2017\/06\/Australia-final-v2.png\" data-srcset=\"https:\/\/worldmsday.org\/wp-content\/uploads\/2017\/06\/Australia-final-v2.png 729w, https:\/\/worldmsday.org\/wp-content\/uploads\/2017\/06\/Australia-final-v2-600x294.png 600w, https:\/\/worldmsday.org\/wp-content\/uploads\/2017\/06\/Australia-final-v2-490x240.png 490w, https:\/\/worldmsday.org\/wp-content\/uploads\/2017\/06\/Australia-final-v2-284x139.png 284w, https:\/\/worldmsday.org\/wp-content\/uploads\/2017\/06\/Australia-final-v2-470x230.png 470w\"><noscript><img loading=\"lazy\" decoding=\"async\" width=\"729\" height=\"357\" src=\"https:\/\/worldmsday.org\/wp-content\/uploads\/2017\/06\/Australia-final-v2.png\" class=\"attachment-large size-large lazyload\" alt=\"\" sizes=\"auto, (max-width: 729px) 100vw, 729px\" srcset=\"https:\/\/worldmsday.org\/wp-content\/uploads\/2017\/06\/Australia-final-v2.png 729w, https:\/\/worldmsday.org\/wp-content\/uploads\/2017\/06\/Australia-final-v2-600x294.png 600w, https:\/\/worldmsday.org\/wp-content\/uploads\/2017\/06\/Australia-final-v2-490x240.png 490w, https:\/\/worldmsday.org\/wp-content\/uploads\/2017\/06\/Australia-final-v2-284x139.png 284w, https:\/\/worldmsday.org\/wp-content\/uploads\/2017\/06\/Australia-final-v2-470x230.png 470w\"><\/noscript><\/figure><\/p><\/div>\n","protected":false},"excerpt":{"rendered":"<p>\u00a1Descubre c\u00f3mo algunas de las organizaciones de EM en todo el mundo han utilizado este d\u00eda para hacer campa\u00f1a y proporcionar cambios positivos en las personas afectadas por la EM!<\/p>\n","protected":false},"author":57,"featured_media":15467,"comment_status":"closed","ping_status":"closed","sticky":false,"template":"","format":"standard","meta":{"_acf_changed":false,"footnotes":""},"categories":[757,782],"tags":[876,951,946,898,897,896,895,880,840,806,708,668,601,533],"class_list":["post-15529","post","type-post","status-publish","format-standard","has-post-thumbnail","hentry","category-eventos-destacados-del-ano","category-2017-la-vida-con-em","tag-canada-es","tag-take-part-es","tag-campaign-es","tag-paraguay-es","tag-ms-society-of-canada-es","tag-apemed-es","tag-advocacy-es","tag-ms-ireland-es","tag-world-ms-day-2017-es","tag-ireland-es","tag-ms-australia-es","tag-events-es","tag-world-ms-day-es","tag-australia-es"],"acf":[],"yoast_head":"<!-- This site is optimized with the Yoast SEO plugin v27.5 - https:\/\/yoast.com\/product\/yoast-seo-wordpress\/ -->\n<title>Campa\u00f1a en el D\u00eda Mundial de la EM - D\u00eda Mundial de la EM<\/title>\n<meta name=\"robots\" content=\"index, follow, max-snippet:-1, max-image-preview:large, max-video-preview:-1\" \/>\n<link rel=\"canonical\" href=\"https:\/\/worldmsday.org\/campaigning-world-ms-day\/\" \/>\n<meta property=\"og:locale\" content=\"es_ES\" \/>\n<meta property=\"og:type\" content=\"article\" \/>\n<meta property=\"og:title\" content=\"Campa\u00f1a en el D\u00eda Mundial de la EM - D\u00eda Mundial de la EM\" \/>\n<meta property=\"og:description\" content=\"\u00a1Descubre c\u00f3mo algunas de las organizaciones de EM en todo el mundo han utilizado este d\u00eda para hacer campa\u00f1a y proporcionar cambios positivos en las personas afectadas por la EM!\" \/>\n<meta property=\"og:url\" content=\"https:\/\/worldmsday.org\/campaigning-world-ms-day\/\" \/>\n<meta property=\"og:site_name\" content=\"D\u00eda Mundial de la EM\" \/>\n<meta property=\"article:publisher\" content=\"https:\/\/www.facebook.com\/worldmsday\" \/>\n<meta property=\"article:published_time\" content=\"2017-06-12T09:21:26+00:00\" \/>\n<meta property=\"article:modified_time\" content=\"2020-04-21T14:34:36+00:00\" \/>\n<meta property=\"og:image\" content=\"https:\/\/worldmsday.org\/wp-content\/uploads\/2017\/06\/Canada-final.png\" \/>\n\t<meta property=\"og:image:width\" content=\"729\" \/>\n\t<meta property=\"og:image:height\" content=\"357\" \/>\n\t<meta property=\"og:image:type\" content=\"image\/png\" \/>\n<meta name=\"author\" content=\"Abdelfatah Ibrahim\" \/>\n<meta name=\"twitter:card\" content=\"summary_large_image\" \/>\n<meta name=\"twitter:creator\" content=\"@WorldMSDay\" \/>\n<meta name=\"twitter:site\" content=\"@WorldMSDay\" \/>\n<meta name=\"twitter:label1\" content=\"Escrito por\" \/>\n\t<meta name=\"twitter:data1\" content=\"Abdelfatah Ibrahim\" \/>\n\t<meta name=\"twitter:label2\" content=\"Tiempo de lectura\" \/>\n\t<meta name=\"twitter:data2\" content=\"2 minutos\" \/>\n<script type=\"application\/ld+json\" class=\"yoast-schema-graph\">{\"@context\":\"https:\\\/\\\/schema.org\",\"@graph\":[{\"@type\":\"Article\",\"@id\":\"https:\\\/\\\/worldmsday.org\\\/campaigning-world-ms-day\\\/#article\",\"isPartOf\":{\"@id\":\"https:\\\/\\\/worldmsday.org\\\/campaigning-world-ms-day\\\/\"},\"author\":{\"name\":\"Abdelfatah Ibrahim\",\"@id\":\"https:\\\/\\\/worldmsday.org\\\/#\\\/schema\\\/person\\\/272fb51bbd0116a28a051d508ea9359a\"},\"headline\":\"Campa\u00f1a en el D\u00eda Mundial de la EM\",\"datePublished\":\"2017-06-12T09:21:26+00:00\",\"dateModified\":\"2020-04-21T14:34:36+00:00\",\"mainEntityOfPage\":{\"@id\":\"https:\\\/\\\/worldmsday.org\\\/campaigning-world-ms-day\\\/\"},\"wordCount\":421,\"image\":{\"@id\":\"https:\\\/\\\/worldmsday.org\\\/campaigning-world-ms-day\\\/#primaryimage\"},\"thumbnailUrl\":\"https:\\\/\\\/worldmsday.org\\\/wp-content\\\/uploads\\\/2017\\\/06\\\/Canada-final.png\",\"keywords\":[\"Canada\",\"take part\",\"campaign\",\"Paraguay\",\"MS Society of Canada\",\"APEMED\",\"Advocacy\",\"ms ireland\",\"World MS Day 2017\",\"Ireland\",\"MS Australia\",\"Events\",\"World MS Day\",\"Australia\"],\"articleSection\":[\"Eventos destacados del a\u00f1o\",\"2017 La vida con EM\"],\"inLanguage\":\"es\"},{\"@type\":\"WebPage\",\"@id\":\"https:\\\/\\\/worldmsday.org\\\/campaigning-world-ms-day\\\/\",\"url\":\"https:\\\/\\\/worldmsday.org\\\/campaigning-world-ms-day\\\/\",\"name\":\"Campa\u00f1a en el D\u00eda Mundial de la EM - D\u00eda Mundial de la EM\",\"isPartOf\":{\"@id\":\"https:\\\/\\\/worldmsday.org\\\/#website\"},\"primaryImageOfPage\":{\"@id\":\"https:\\\/\\\/worldmsday.org\\\/campaigning-world-ms-day\\\/#primaryimage\"},\"image\":{\"@id\":\"https:\\\/\\\/worldmsday.org\\\/campaigning-world-ms-day\\\/#primaryimage\"},\"thumbnailUrl\":\"https:\\\/\\\/worldmsday.org\\\/wp-content\\\/uploads\\\/2017\\\/06\\\/Canada-final.png\",\"datePublished\":\"2017-06-12T09:21:26+00:00\",\"dateModified\":\"2020-04-21T14:34:36+00:00\",\"author\":{\"@id\":\"https:\\\/\\\/worldmsday.org\\\/#\\\/schema\\\/person\\\/272fb51bbd0116a28a051d508ea9359a\"},\"breadcrumb\":{\"@id\":\"https:\\\/\\\/worldmsday.org\\\/campaigning-world-ms-day\\\/#breadcrumb\"},\"inLanguage\":\"es\",\"potentialAction\":[{\"@type\":\"ReadAction\",\"target\":[\"https:\\\/\\\/worldmsday.org\\\/campaigning-world-ms-day\\\/\"]}]},{\"@type\":\"ImageObject\",\"inLanguage\":\"es\",\"@id\":\"https:\\\/\\\/worldmsday.org\\\/campaigning-world-ms-day\\\/#primaryimage\",\"url\":\"https:\\\/\\\/worldmsday.org\\\/wp-content\\\/uploads\\\/2017\\\/06\\\/Canada-final.png\",\"contentUrl\":\"https:\\\/\\\/worldmsday.org\\\/wp-content\\\/uploads\\\/2017\\\/06\\\/Canada-final.png\",\"width\":729,\"height\":357},{\"@type\":\"BreadcrumbList\",\"@id\":\"https:\\\/\\\/worldmsday.org\\\/campaigning-world-ms-day\\\/#breadcrumb\",\"itemListElement\":[{\"@type\":\"ListItem\",\"position\":1,\"name\":\"Home\",\"item\":\"https:\\\/\\\/worldmsday.org\\\/es\\\/\"},{\"@type\":\"ListItem\",\"position\":2,\"name\":\"Campa\u00f1a en el D\u00eda Mundial de la EM\"}]},{\"@type\":\"WebSite\",\"@id\":\"https:\\\/\\\/worldmsday.org\\\/#website\",\"url\":\"https:\\\/\\\/worldmsday.org\\\/\",\"name\":\"D\u00eda Mundial de la EM\",\"description\":\"30 de mayo de 2020\",\"potentialAction\":[{\"@type\":\"SearchAction\",\"target\":{\"@type\":\"EntryPoint\",\"urlTemplate\":\"https:\\\/\\\/worldmsday.org\\\/?s={search_term_string}\"},\"query-input\":{\"@type\":\"PropertyValueSpecification\",\"valueRequired\":true,\"valueName\":\"search_term_string\"}}],\"inLanguage\":\"es\"},{\"@type\":\"Person\",\"@id\":\"https:\\\/\\\/worldmsday.org\\\/#\\\/schema\\\/person\\\/272fb51bbd0116a28a051d508ea9359a\",\"name\":\"Abdelfatah Ibrahim\"}]}<\/script>\n<!-- \/ Yoast SEO plugin. -->","yoast_head_json":{"title":"Campa\u00f1a en el D\u00eda Mundial de la EM - D\u00eda Mundial de la EM","robots":{"index":"index","follow":"follow","max-snippet":"max-snippet:-1","max-image-preview":"max-image-preview:large","max-video-preview":"max-video-preview:-1"},"canonical":"https:\/\/worldmsday.org\/campaigning-world-ms-day\/","og_locale":"es_ES","og_type":"article","og_title":"Campa\u00f1a en el D\u00eda Mundial de la EM - D\u00eda Mundial de la EM","og_description":"\u00a1Descubre c\u00f3mo algunas de las organizaciones de EM en todo el mundo han utilizado este d\u00eda para hacer campa\u00f1a y proporcionar cambios positivos en las personas afectadas por la EM!","og_url":"https:\/\/worldmsday.org\/campaigning-world-ms-day\/","og_site_name":"D\u00eda Mundial de la EM","article_publisher":"https:\/\/www.facebook.com\/worldmsday","article_published_time":"2017-06-12T09:21:26+00:00","article_modified_time":"2020-04-21T14:34:36+00:00","og_image":[{"width":729,"height":357,"url":"https:\/\/worldmsday.org\/wp-content\/uploads\/2017\/06\/Canada-final.png","type":"image\/png"}],"author":"Abdelfatah Ibrahim","twitter_card":"summary_large_image","twitter_creator":"@WorldMSDay","twitter_site":"@WorldMSDay","twitter_misc":{"Escrito por":"Abdelfatah Ibrahim","Tiempo de lectura":"2 minutos"},"schema":{"@context":"https:\/\/schema.org","@graph":[{"@type":"Article","@id":"https:\/\/worldmsday.org\/campaigning-world-ms-day\/#article","isPartOf":{"@id":"https:\/\/worldmsday.org\/campaigning-world-ms-day\/"},"author":{"name":"Abdelfatah Ibrahim","@id":"https:\/\/worldmsday.org\/#\/schema\/person\/272fb51bbd0116a28a051d508ea9359a"},"headline":"Campa\u00f1a en el D\u00eda Mundial de la EM","datePublished":"2017-06-12T09:21:26+00:00","dateModified":"2020-04-21T14:34:36+00:00","mainEntityOfPage":{"@id":"https:\/\/worldmsday.org\/campaigning-world-ms-day\/"},"wordCount":421,"image":{"@id":"https:\/\/worldmsday.org\/campaigning-world-ms-day\/#primaryimage"},"thumbnailUrl":"https:\/\/worldmsday.org\/wp-content\/uploads\/2017\/06\/Canada-final.png","keywords":["Canada","take part","campaign","Paraguay","MS Society of Canada","APEMED","Advocacy","ms ireland","World MS Day 2017","Ireland","MS Australia","Events","World MS Day","Australia"],"articleSection":["Eventos destacados del a\u00f1o","2017 La vida con EM"],"inLanguage":"es"},{"@type":"WebPage","@id":"https:\/\/worldmsday.org\/campaigning-world-ms-day\/","url":"https:\/\/worldmsday.org\/campaigning-world-ms-day\/","name":"Campa\u00f1a en el D\u00eda Mundial de la EM - D\u00eda Mundial de la EM","isPartOf":{"@id":"https:\/\/worldmsday.org\/#website"},"primaryImageOfPage":{"@id":"https:\/\/worldmsday.org\/campaigning-world-ms-day\/#primaryimage"},"image":{"@id":"https:\/\/worldmsday.org\/campaigning-world-ms-day\/#primaryimage"},"thumbnailUrl":"https:\/\/worldmsday.org\/wp-content\/uploads\/2017\/06\/Canada-final.png","datePublished":"2017-06-12T09:21:26+00:00","dateModified":"2020-04-21T14:34:36+00:00","author":{"@id":"https:\/\/worldmsday.org\/#\/schema\/person\/272fb51bbd0116a28a051d508ea9359a"},"breadcrumb":{"@id":"https:\/\/worldmsday.org\/campaigning-world-ms-day\/#breadcrumb"},"inLanguage":"es","potentialAction":[{"@type":"ReadAction","target":["https:\/\/worldmsday.org\/campaigning-world-ms-day\/"]}]},{"@type":"ImageObject","inLanguage":"es","@id":"https:\/\/worldmsday.org\/campaigning-world-ms-day\/#primaryimage","url":"https:\/\/worldmsday.org\/wp-content\/uploads\/2017\/06\/Canada-final.png","contentUrl":"https:\/\/worldmsday.org\/wp-content\/uploads\/2017\/06\/Canada-final.png","width":729,"height":357},{"@type":"BreadcrumbList","@id":"https:\/\/worldmsday.org\/campaigning-world-ms-day\/#breadcrumb","itemListElement":[{"@type":"ListItem","position":1,"name":"Home","item":"https:\/\/worldmsday.org\/es\/"},{"@type":"ListItem","position":2,"name":"Campa\u00f1a en el D\u00eda Mundial de la EM"}]},{"@type":"WebSite","@id":"https:\/\/worldmsday.org\/#website","url":"https:\/\/worldmsday.org\/","name":"D\u00eda Mundial de la EM","description":"30 de mayo de 2020","potentialAction":[{"@type":"SearchAction","target":{"@type":"EntryPoint","urlTemplate":"https:\/\/worldmsday.org\/?s={search_term_string}"},"query-input":{"@type":"PropertyValueSpecification","valueRequired":true,"valueName":"search_term_string"}}],"inLanguage":"es"},{"@type":"Person","@id":"https:\/\/worldmsday.org\/#\/schema\/person\/272fb51bbd0116a28a051d508ea9359a","name":"Abdelfatah Ibrahim"}]}},"_links":{"self":[{"href":"https:\/\/worldmsday.org\/es\/wp-json\/wp\/v2\/posts\/15529","targetHints":{"allow":["GET"]}}],"collection":[{"href":"https:\/\/worldmsday.org\/es\/wp-json\/wp\/v2\/posts"}],"about":[{"href":"https:\/\/worldmsday.org\/es\/wp-json\/wp\/v2\/types\/post"}],"author":[{"embeddable":true,"href":"https:\/\/worldmsday.org\/es\/wp-json\/wp\/v2\/users\/57"}],"replies":[{"embeddable":true,"href":"https:\/\/worldmsday.org\/es\/wp-json\/wp\/v2\/comments?post=15529"}],"version-history":[{"count":0,"href":"https:\/\/worldmsday.org\/es\/wp-json\/wp\/v2\/posts\/15529\/revisions"}],"wp:featuredmedia":[{"embeddable":true,"href":"https:\/\/worldmsday.org\/es\/wp-json\/wp\/v2\/media\/15467"}],"wp:attachment":[{"href":"https:\/\/worldmsday.org\/es\/wp-json\/wp\/v2\/media?parent=15529"}],"wp:term":[{"taxonomy":"category","embeddable":true,"href":"https:\/\/worldmsday.org\/es\/wp-json\/wp\/v2\/categories?post=15529"},{"taxonomy":"post_tag","embeddable":true,"href":"https:\/\/worldmsday.org\/es\/wp-json\/wp\/v2\/tags?post=15529"}],"curies":[{"name":"wp","href":"https:\/\/api.w.org\/{rel}","templated":true}]}}